{"id":34228,"date":"2024-09-04T07:31:49","date_gmt":"2024-09-04T05:31:49","guid":{"rendered":"https:\/\/www.kle-blatt.de\/blog\/?p=34228"},"modified":"2024-08-02T09:47:17","modified_gmt":"2024-08-02T07:47:17","slug":"ein-bild-von-kleve-im-jahr-1962","status":"publish","type":"post","link":"https:\/\/www.kle-blatt.de\/blog\/kleve-in-foto-video\/ein-bild-von-kleve-im-jahr-1962.html","title":{"rendered":"Ein Bild von Kleve im Jahr 1962"},"content":{"rendered":"<p><strong>Ein Bild von Kleve im Jahr 1962<\/strong><\/p>\n<p>Man kann kaum glauben, dass diese Aufnahme bereits \u00fcber 60 Jahre alt ist. Allzu viel hat sich eigentlich nicht ver\u00e4ndert. Klar, die Stra\u00dfenbahn f\u00e4hrt nicht mehr und die Schienen sind verschwunden, aber die Geb\u00e4ude stehen dort noch.<\/p>\n<p><a href=\"https:\/\/www.kle-blatt.de\/blog\/wp-content\/uploads\/2024\/07\/kleve-1962.jpg\"><img loading=\"lazy\" decoding=\"async\" class=\"aligncenter size-full wp-image-34229\" src=\"https:\/\/www.kle-blatt.de\/blog\/wp-content\/uploads\/2024\/07\/kleve-1962.jpg\" alt=\"Ein Bild von Kleve im Jahr 1962\" width=\"850\" height=\"519\" srcset=\"https:\/\/www.kle-blatt.de\/blog\/wp-content\/uploads\/2024\/07\/kleve-1962.jpg?v=1721982733 850w, https:\/\/www.kle-blatt.de\/blog\/wp-content\/uploads\/2024\/07\/kleve-1962-300x183.jpg?v=1721982733 300w, https:\/\/www.kle-blatt.de\/blog\/wp-content\/uploads\/2024\/07\/kleve-1962-768x469.jpg?v=1721982733 768w\" sizes=\"auto, (max-width: 850px) 100vw, 850px\" \/><\/a><\/p>\n","protected":false},"excerpt":{"rendered":"<p>Ein Bild von Kleve im Jahr 1962 Man kann kaum glauben, dass diese Aufnahme bereits \u00fcber 60 Jahre alt ist. &hellip; <a href=\"https:\/\/www.kle-blatt.de\/blog\/kleve-in-foto-video\/ein-bild-von-kleve-im-jahr-1962.html\" class=\"more-link\"><span class=\"more-button\">Weiterlesen<span class=\"screen-reader-text\">Ein Bild von Kleve im Jahr 1962<\/span><\/span><\/a><\/p>\n","protected":false},"author":2,"featured_media":34229,"comment_status":"closed","ping_status":"closed","sticky":false,"template":"","format":"standard","meta":{"footnotes":""},"categories":[3],"tags":[6224],"class_list":["post-34228","post","type-post","status-publish","format-standard","has-post-thumbnail","hentry","category-kleve-in-foto-video","tag-ein-bild-von-kleve-im-jahr-1962"],"_links":{"self":[{"href":"https:\/\/www.kle-blatt.de\/blog\/wp-json\/wp\/v2\/posts\/34228","targetHints":{"allow":["GET"]}}],"collection":[{"href":"https:\/\/www.kle-blatt.de\/blog\/wp-json\/wp\/v2\/posts"}],"about":[{"href":"https:\/\/www.kle-blatt.de\/blog\/wp-json\/wp\/v2\/types\/post"}],"author":[{"embeddable":true,"href":"https:\/\/www.kle-blatt.de\/blog\/wp-json\/wp\/v2\/users\/2"}],"replies":[{"embeddable":true,"href":"https:\/\/www.kle-blatt.de\/blog\/wp-json\/wp\/v2\/comments?post=34228"}],"version-history":[{"count":1,"href":"https:\/\/www.kle-blatt.de\/blog\/wp-json\/wp\/v2\/posts\/34228\/revisions"}],"predecessor-version":[{"id":34230,"href":"https:\/\/www.kle-blatt.de\/blog\/wp-json\/wp\/v2\/posts\/34228\/revisions\/34230"}],"wp:featuredmedia":[{"embeddable":true,"href":"https:\/\/www.kle-blatt.de\/blog\/wp-json\/wp\/v2\/media\/34229"}],"wp:attachment":[{"href":"https:\/\/www.kle-blatt.de\/blog\/wp-json\/wp\/v2\/media?parent=34228"}],"wp:term":[{"taxonomy":"category","embeddable":true,"href":"https:\/\/www.kle-blatt.de\/blog\/wp-json\/wp\/v2\/categories?post=34228"},{"taxonomy":"post_tag","embeddable":true,"href":"https:\/\/www.kle-blatt.de\/blog\/wp-json\/wp\/v2\/tags?post=34228"}],"curies":[{"name":"wp","href":"https:\/\/api.w.org\/{rel}","templated":true}]}}