{"id":34243,"date":"2024-09-12T07:31:53","date_gmt":"2024-09-12T05:31:53","guid":{"rendered":"https:\/\/www.kle-blatt.de\/blog\/?p=34243"},"modified":"2024-08-02T10:36:48","modified_gmt":"2024-08-02T08:36:48","slug":"der-dunkle-efeuturm-von-kleve","status":"publish","type":"post","link":"https:\/\/www.kle-blatt.de\/blog\/kleve-in-foto-video\/der-dunkle-efeuturm-von-kleve.html","title":{"rendered":"Der dunkle Efeuturm von Kleve"},"content":{"rendered":"<p><strong>Der dunkle Efeuturm von Kleve<\/strong><\/p>\n<p>Eigentlich hei\u00dft er ja Dr.-Arntz-Turm. Aber Mitte der Sechziger Jahre war er bereits derart mit Efeu zugewachsen, dass er diesen Anblick bot. Auch die Stra\u00dfenverl\u00e4ufe waren noch anders und wo heute Wasser in Kasskaden herunter l\u00e4uft, gab es damals noch einen Parkplatz.<\/p>\n<p><a href=\"https:\/\/www.kle-blatt.de\/blog\/wp-content\/uploads\/2024\/08\/efeuturm-67-bos-harpe.jpg\"><img loading=\"lazy\" decoding=\"async\" class=\"aligncenter size-full wp-image-34244\" src=\"https:\/\/www.kle-blatt.de\/blog\/wp-content\/uploads\/2024\/08\/efeuturm-67-bos-harpe.jpg\" alt=\"Der dunkle Efeuturm von Kleve\" width=\"850\" height=\"490\" srcset=\"https:\/\/www.kle-blatt.de\/blog\/wp-content\/uploads\/2024\/08\/efeuturm-67-bos-harpe.jpg?v=1722587528 850w, https:\/\/www.kle-blatt.de\/blog\/wp-content\/uploads\/2024\/08\/efeuturm-67-bos-harpe-300x173.jpg?v=1722587528 300w, https:\/\/www.kle-blatt.de\/blog\/wp-content\/uploads\/2024\/08\/efeuturm-67-bos-harpe-768x443.jpg?v=1722587528 768w\" sizes=\"auto, (max-width: 850px) 100vw, 850px\" \/><\/a><br \/>\n(Bild gezeigt von Bos Hape)<\/p>\n","protected":false},"excerpt":{"rendered":"<p>Der dunkle Efeuturm von Kleve Eigentlich hei\u00dft er ja Dr.-Arntz-Turm. Aber Mitte der Sechziger Jahre war er bereits derart mit &hellip; <a href=\"https:\/\/www.kle-blatt.de\/blog\/kleve-in-foto-video\/der-dunkle-efeuturm-von-kleve.html\" class=\"more-link\"><span class=\"more-button\">Weiterlesen<span class=\"screen-reader-text\">Der dunkle Efeuturm von Kleve<\/span><\/span><\/a><\/p>\n","protected":false},"author":2,"featured_media":34244,"comment_status":"closed","ping_status":"closed","sticky":false,"template":"","format":"standard","meta":{"footnotes":""},"categories":[3],"tags":[6229],"class_list":["post-34243","post","type-post","status-publish","format-standard","has-post-thumbnail","hentry","category-kleve-in-foto-video","tag-der-dunkle-efeuturm-von-kleve"],"_links":{"self":[{"href":"https:\/\/www.kle-blatt.de\/blog\/wp-json\/wp\/v2\/posts\/34243","targetHints":{"allow":["GET"]}}],"collection":[{"href":"https:\/\/www.kle-blatt.de\/blog\/wp-json\/wp\/v2\/posts"}],"about":[{"href":"https:\/\/www.kle-blatt.de\/blog\/wp-json\/wp\/v2\/types\/post"}],"author":[{"embeddable":true,"href":"https:\/\/www.kle-blatt.de\/blog\/wp-json\/wp\/v2\/users\/2"}],"replies":[{"embeddable":true,"href":"https:\/\/www.kle-blatt.de\/blog\/wp-json\/wp\/v2\/comments?post=34243"}],"version-history":[{"count":1,"href":"https:\/\/www.kle-blatt.de\/blog\/wp-json\/wp\/v2\/posts\/34243\/revisions"}],"predecessor-version":[{"id":34245,"href":"https:\/\/www.kle-blatt.de\/blog\/wp-json\/wp\/v2\/posts\/34243\/revisions\/34245"}],"wp:featuredmedia":[{"embeddable":true,"href":"https:\/\/www.kle-blatt.de\/blog\/wp-json\/wp\/v2\/media\/34244"}],"wp:attachment":[{"href":"https:\/\/www.kle-blatt.de\/blog\/wp-json\/wp\/v2\/media?parent=34243"}],"wp:term":[{"taxonomy":"category","embeddable":true,"href":"https:\/\/www.kle-blatt.de\/blog\/wp-json\/wp\/v2\/categories?post=34243"},{"taxonomy":"post_tag","embeddable":true,"href":"https:\/\/www.kle-blatt.de\/blog\/wp-json\/wp\/v2\/tags?post=34243"}],"curies":[{"name":"wp","href":"https:\/\/api.w.org\/{rel}","templated":true}]}}