{"id":34260,"date":"2024-09-22T07:23:26","date_gmt":"2024-09-22T05:23:26","guid":{"rendered":"https:\/\/www.kle-blatt.de\/blog\/?p=34260"},"modified":"2024-08-12T13:27:57","modified_gmt":"2024-08-12T11:27:57","slug":"so-war-es-halt-frueher-um-nach-emmerich-zu-kommen","status":"publish","type":"post","link":"https:\/\/www.kle-blatt.de\/blog\/kleve-in-foto-video\/so-war-es-halt-frueher-um-nach-emmerich-zu-kommen.html","title":{"rendered":"So war es halt fr\u00fcher, um nach Emmerich zu kommen"},"content":{"rendered":"<p><strong>So war es halt fr\u00fcher, um nach Emmerich zu kommen<\/strong><\/p>\n<p>Als die Br\u00fccke noch nicht existierte, konnte man nur mit den F\u00e4hren ans andere Ufer bis Emmerich gelangen. Wir sehen hier eindrucksvoll wie gesch\u00e4ftg es damals zuging. Der Verkehr lief praktisch pausenlos w\u00e4hrend der Gesch\u00e4ftszeiten.<\/p>\n<p><a href=\"https:\/\/www.kle-blatt.de\/blog\/wp-content\/uploads\/2024\/08\/faehre-emmerich-1.jpg\"><img loading=\"lazy\" decoding=\"async\" class=\"aligncenter size-full wp-image-34261\" src=\"https:\/\/www.kle-blatt.de\/blog\/wp-content\/uploads\/2024\/08\/faehre-emmerich-1.jpg\" alt=\"So war es halt fr\u00fcher, um nach Emmerich zu kommen \" width=\"850\" height=\"563\" srcset=\"https:\/\/www.kle-blatt.de\/blog\/wp-content\/uploads\/2024\/08\/faehre-emmerich-1.jpg?v=1723461830 850w, https:\/\/www.kle-blatt.de\/blog\/wp-content\/uploads\/2024\/08\/faehre-emmerich-1-300x199.jpg?v=1723461830 300w, https:\/\/www.kle-blatt.de\/blog\/wp-content\/uploads\/2024\/08\/faehre-emmerich-1-768x509.jpg?v=1723461830 768w, https:\/\/www.kle-blatt.de\/blog\/wp-content\/uploads\/2024\/08\/faehre-emmerich-1-79x53.jpg?v=1723461830 79w\" sizes=\"auto, (max-width: 850px) 100vw, 850px\" \/><\/a><\/p>\n","protected":false},"excerpt":{"rendered":"<p>So war es halt fr\u00fcher, um nach Emmerich zu kommen Als die Br\u00fccke noch nicht existierte, konnte man nur mit &hellip; <a href=\"https:\/\/www.kle-blatt.de\/blog\/kleve-in-foto-video\/so-war-es-halt-frueher-um-nach-emmerich-zu-kommen.html\" class=\"more-link\"><span class=\"more-button\">Weiterlesen<span class=\"screen-reader-text\">So war es halt fr\u00fcher, um nach Emmerich zu kommen<\/span><\/span><\/a><\/p>\n","protected":false},"author":2,"featured_media":34261,"comment_status":"closed","ping_status":"closed","sticky":false,"template":"","format":"standard","meta":{"footnotes":""},"categories":[3],"tags":[6233,6234],"class_list":["post-34260","post","type-post","status-publish","format-standard","has-post-thumbnail","hentry","category-kleve-in-foto-video","tag-so-war-es-halt-frueher","tag-um-nach-emmerich-zu-kommen"],"_links":{"self":[{"href":"https:\/\/www.kle-blatt.de\/blog\/wp-json\/wp\/v2\/posts\/34260","targetHints":{"allow":["GET"]}}],"collection":[{"href":"https:\/\/www.kle-blatt.de\/blog\/wp-json\/wp\/v2\/posts"}],"about":[{"href":"https:\/\/www.kle-blatt.de\/blog\/wp-json\/wp\/v2\/types\/post"}],"author":[{"embeddable":true,"href":"https:\/\/www.kle-blatt.de\/blog\/wp-json\/wp\/v2\/users\/2"}],"replies":[{"embeddable":true,"href":"https:\/\/www.kle-blatt.de\/blog\/wp-json\/wp\/v2\/comments?post=34260"}],"version-history":[{"count":1,"href":"https:\/\/www.kle-blatt.de\/blog\/wp-json\/wp\/v2\/posts\/34260\/revisions"}],"predecessor-version":[{"id":34262,"href":"https:\/\/www.kle-blatt.de\/blog\/wp-json\/wp\/v2\/posts\/34260\/revisions\/34262"}],"wp:featuredmedia":[{"embeddable":true,"href":"https:\/\/www.kle-blatt.de\/blog\/wp-json\/wp\/v2\/media\/34261"}],"wp:attachment":[{"href":"https:\/\/www.kle-blatt.de\/blog\/wp-json\/wp\/v2\/media?parent=34260"}],"wp:term":[{"taxonomy":"category","embeddable":true,"href":"https:\/\/www.kle-blatt.de\/blog\/wp-json\/wp\/v2\/categories?post=34260"},{"taxonomy":"post_tag","embeddable":true,"href":"https:\/\/www.kle-blatt.de\/blog\/wp-json\/wp\/v2\/tags?post=34260"}],"curies":[{"name":"wp","href":"https:\/\/api.w.org\/{rel}","templated":true}]}}