{"id":34343,"date":"2024-10-27T05:58:32","date_gmt":"2024-10-27T03:58:32","guid":{"rendered":"https:\/\/www.kle-blatt.de\/blog\/?p=34343"},"modified":"2024-10-02T11:15:34","modified_gmt":"2024-10-02T09:15:34","slug":"ausstellung-ewald-matare-startet-heute","status":"publish","type":"post","link":"https:\/\/www.kle-blatt.de\/blog\/kleve-in-foto-video\/ausstellung-ewald-matare-startet-heute.html","title":{"rendered":"Ausstellung Ewald Matare&#8216; startet heute"},"content":{"rendered":"<p><strong>Ausstellung Ewald Matare&#8216; startet heute<\/strong><\/p>\n<p>Die aktuelle Ausstellung in Kleve \u2013 die bisher gr\u00f6\u00dfte \u00fcber Leben und Werk von Matar\u00e9 \u00fcberhaupt \u2013 wird Besucher:innen einen umfassenden Einblick in Matar\u00e9s wechselvollen Werdegang liefern, der eng verkn\u00fcpft ist mit den gro\u00dfen Ereignissen des 20. Jahrhunderts.<br \/>\nMehr dazu gibt es hier:<br \/>\n<a href=\"https:\/\/www.kleve.de\/wirtschaft-tourismus\/tourismus-geniessen\/veranstaltungen\/ausstellung-ewald-matare-kosmos\"><strong>KLICK MICH!<\/strong><\/a><\/p>\n<p><a href=\"https:\/\/www.kle-blatt.de\/blog\/wp-content\/uploads\/2024\/10\/matare.jpg\"><img loading=\"lazy\" decoding=\"async\" class=\"aligncenter size-full wp-image-34344\" src=\"https:\/\/www.kle-blatt.de\/blog\/wp-content\/uploads\/2024\/10\/matare.jpg\" alt=\"Ausstellung Ewald Matare' startet heute\" width=\"850\" height=\"573\" srcset=\"https:\/\/www.kle-blatt.de\/blog\/wp-content\/uploads\/2024\/10\/matare.jpg?v=1727860383 850w, https:\/\/www.kle-blatt.de\/blog\/wp-content\/uploads\/2024\/10\/matare-300x202.jpg?v=1727860383 300w, https:\/\/www.kle-blatt.de\/blog\/wp-content\/uploads\/2024\/10\/matare-768x518.jpg?v=1727860383 768w, https:\/\/www.kle-blatt.de\/blog\/wp-content\/uploads\/2024\/10\/matare-79x53.jpg?v=1727860383 79w\" sizes=\"auto, (max-width: 850px) 100vw, 850px\" \/><\/a><\/p>\n","protected":false},"excerpt":{"rendered":"<p>Ausstellung Ewald Matare&#8216; startet heute Die aktuelle Ausstellung in Kleve \u2013 die bisher gr\u00f6\u00dfte \u00fcber Leben und Werk von Matar\u00e9 &hellip; <a href=\"https:\/\/www.kle-blatt.de\/blog\/kleve-in-foto-video\/ausstellung-ewald-matare-startet-heute.html\" class=\"more-link\"><span class=\"more-button\">Weiterlesen<span class=\"screen-reader-text\">Ausstellung Ewald Matare&#8216; startet heute<\/span><\/span><\/a><\/p>\n","protected":false},"author":2,"featured_media":34344,"comment_status":"closed","ping_status":"closed","sticky":false,"template":"","format":"standard","meta":{"footnotes":""},"categories":[3],"tags":[6240],"class_list":["post-34343","post","type-post","status-publish","format-standard","has-post-thumbnail","hentry","category-kleve-in-foto-video","tag-ausstellung-ewald-matare-startet-heute"],"_links":{"self":[{"href":"https:\/\/www.kle-blatt.de\/blog\/wp-json\/wp\/v2\/posts\/34343","targetHints":{"allow":["GET"]}}],"collection":[{"href":"https:\/\/www.kle-blatt.de\/blog\/wp-json\/wp\/v2\/posts"}],"about":[{"href":"https:\/\/www.kle-blatt.de\/blog\/wp-json\/wp\/v2\/types\/post"}],"author":[{"embeddable":true,"href":"https:\/\/www.kle-blatt.de\/blog\/wp-json\/wp\/v2\/users\/2"}],"replies":[{"embeddable":true,"href":"https:\/\/www.kle-blatt.de\/blog\/wp-json\/wp\/v2\/comments?post=34343"}],"version-history":[{"count":1,"href":"https:\/\/www.kle-blatt.de\/blog\/wp-json\/wp\/v2\/posts\/34343\/revisions"}],"predecessor-version":[{"id":34345,"href":"https:\/\/www.kle-blatt.de\/blog\/wp-json\/wp\/v2\/posts\/34343\/revisions\/34345"}],"wp:featuredmedia":[{"embeddable":true,"href":"https:\/\/www.kle-blatt.de\/blog\/wp-json\/wp\/v2\/media\/34344"}],"wp:attachment":[{"href":"https:\/\/www.kle-blatt.de\/blog\/wp-json\/wp\/v2\/media?parent=34343"}],"wp:term":[{"taxonomy":"category","embeddable":true,"href":"https:\/\/www.kle-blatt.de\/blog\/wp-json\/wp\/v2\/categories?post=34343"},{"taxonomy":"post_tag","embeddable":true,"href":"https:\/\/www.kle-blatt.de\/blog\/wp-json\/wp\/v2\/tags?post=34343"}],"curies":[{"name":"wp","href":"https:\/\/api.w.org\/{rel}","templated":true}]}}