{"id":34464,"date":"2024-12-21T06:39:46","date_gmt":"2024-12-21T04:39:46","guid":{"rendered":"https:\/\/www.kle-blatt.de\/blog\/?p=34464"},"modified":"2024-11-03T11:59:15","modified_gmt":"2024-11-03T09:59:15","slug":"auf-ski-durch-die-innenstadt-von-kleve","status":"publish","type":"post","link":"https:\/\/www.kle-blatt.de\/blog\/kleve-in-foto-video\/aus-dem-privatalbum\/auf-ski-durch-die-innenstadt-von-kleve.html","title":{"rendered":"Auf Ski durch die Innenstadt von Kleve"},"content":{"rendered":"<p><strong>Auf Ski durch die Innenstadt von Kleve<\/strong><\/p>\n<p>Bei ordentlich Schnee sollte man diesen nicht sofort mit R\u00e4umung und Salz bek\u00e4mpfen, sondern anderweitig pr\u00e4parieren. So w\u00e4re es doch sch\u00f6n, wenn man mit Skiern die Gro\u00dfe Strasse hinunter gleiten k\u00f6nnte oder auf Langlaufskiern durch die Innenstadt von Kleve touren. Klar &#8211; soweit wird es nie kommen, aber der Gedanke daran macht doch Laune. Oder?<\/p>\n<p><a href=\"https:\/\/www.kle-blatt.de\/blog\/wp-content\/uploads\/2024\/11\/skifahrer.jpg\"><img loading=\"lazy\" decoding=\"async\" class=\"aligncenter size-full wp-image-34465\" src=\"https:\/\/www.kle-blatt.de\/blog\/wp-content\/uploads\/2024\/11\/skifahrer.jpg\" alt=\"Auf Ski durch die Innenstadt von Kleve\" width=\"849\" height=\"483\" srcset=\"https:\/\/www.kle-blatt.de\/blog\/wp-content\/uploads\/2024\/11\/skifahrer.jpg?v=1730626810 849w, https:\/\/www.kle-blatt.de\/blog\/wp-content\/uploads\/2024\/11\/skifahrer-300x171.jpg?v=1730626810 300w, https:\/\/www.kle-blatt.de\/blog\/wp-content\/uploads\/2024\/11\/skifahrer-768x437.jpg?v=1730626810 768w, https:\/\/www.kle-blatt.de\/blog\/wp-content\/uploads\/2024\/11\/skifahrer-190x107.jpg?v=1730626810 190w\" sizes=\"auto, (max-width: 849px) 100vw, 849px\" \/><\/a><br \/>\n(Bild: KLE-Blatt)<\/p>\n","protected":false},"excerpt":{"rendered":"<p>Auf Ski durch die Innenstadt von Kleve Bei ordentlich Schnee sollte man diesen nicht sofort mit R\u00e4umung und Salz bek\u00e4mpfen, &hellip; <a href=\"https:\/\/www.kle-blatt.de\/blog\/kleve-in-foto-video\/aus-dem-privatalbum\/auf-ski-durch-die-innenstadt-von-kleve.html\" class=\"more-link\"><span class=\"more-button\">Weiterlesen<span class=\"screen-reader-text\">Auf Ski durch die Innenstadt von Kleve<\/span><\/span><\/a><\/p>\n","protected":false},"author":2,"featured_media":34465,"comment_status":"closed","ping_status":"closed","sticky":false,"template":"","format":"standard","meta":{"footnotes":""},"categories":[20],"tags":[6246],"class_list":["post-34464","post","type-post","status-publish","format-standard","has-post-thumbnail","hentry","category-aus-dem-privatalbum","tag-auf-ski-durch-die-innenstadt-von-kleve"],"_links":{"self":[{"href":"https:\/\/www.kle-blatt.de\/blog\/wp-json\/wp\/v2\/posts\/34464","targetHints":{"allow":["GET"]}}],"collection":[{"href":"https:\/\/www.kle-blatt.de\/blog\/wp-json\/wp\/v2\/posts"}],"about":[{"href":"https:\/\/www.kle-blatt.de\/blog\/wp-json\/wp\/v2\/types\/post"}],"author":[{"embeddable":true,"href":"https:\/\/www.kle-blatt.de\/blog\/wp-json\/wp\/v2\/users\/2"}],"replies":[{"embeddable":true,"href":"https:\/\/www.kle-blatt.de\/blog\/wp-json\/wp\/v2\/comments?post=34464"}],"version-history":[{"count":2,"href":"https:\/\/www.kle-blatt.de\/blog\/wp-json\/wp\/v2\/posts\/34464\/revisions"}],"predecessor-version":[{"id":34474,"href":"https:\/\/www.kle-blatt.de\/blog\/wp-json\/wp\/v2\/posts\/34464\/revisions\/34474"}],"wp:featuredmedia":[{"embeddable":true,"href":"https:\/\/www.kle-blatt.de\/blog\/wp-json\/wp\/v2\/media\/34465"}],"wp:attachment":[{"href":"https:\/\/www.kle-blatt.de\/blog\/wp-json\/wp\/v2\/media?parent=34464"}],"wp:term":[{"taxonomy":"category","embeddable":true,"href":"https:\/\/www.kle-blatt.de\/blog\/wp-json\/wp\/v2\/categories?post=34464"},{"taxonomy":"post_tag","embeddable":true,"href":"https:\/\/www.kle-blatt.de\/blog\/wp-json\/wp\/v2\/tags?post=34464"}],"curies":[{"name":"wp","href":"https:\/\/api.w.org\/{rel}","templated":true}]}}