{"id":34555,"date":"2024-12-20T07:00:40","date_gmt":"2024-12-20T05:00:40","guid":{"rendered":"https:\/\/www.kle-blatt.de\/blog\/?p=34555"},"modified":"2024-11-04T12:55:29","modified_gmt":"2024-11-04T10:55:29","slug":"weihnachtslicht-am-klever-kaufhof-in-den-60ern","status":"publish","type":"post","link":"https:\/\/www.kle-blatt.de\/blog\/kleve-in-foto-video\/weihnachtslicht-am-klever-kaufhof-in-den-60ern.html","title":{"rendered":"Weihnachtslicht am Klever Kaufhof in den 60ern"},"content":{"rendered":"<p><strong>Weihnachtslicht am Klever Kaufhof in den 60ern<\/strong><\/p>\n<p>Entstand dieses Bild vor oder nach Weihnachten? Eine st\u00e4dtische Weihnachtsbeleuchtung ist nicht zu entdecken. M\u00f6glicher Weise waren die Kosten vor etwa 60 Jahren nicht zu stemmen. Wei\u00df jemand N\u00e4heres?<\/p>\n<p><a href=\"https:\/\/www.kle-blatt.de\/blog\/wp-content\/uploads\/2024\/11\/weihnachtsbeleuchtung-60er-nengel.jpg\"><img loading=\"lazy\" decoding=\"async\" class=\"aligncenter size-full wp-image-34556\" src=\"https:\/\/www.kle-blatt.de\/blog\/wp-content\/uploads\/2024\/11\/weihnachtsbeleuchtung-60er-nengel.jpg\" alt=\"Weihnachtslicht am Klever Kaufhof in den 60ern\" width=\"850\" height=\"645\" srcset=\"https:\/\/www.kle-blatt.de\/blog\/wp-content\/uploads\/2024\/11\/weihnachtsbeleuchtung-60er-nengel.jpg?v=1730717400 850w, https:\/\/www.kle-blatt.de\/blog\/wp-content\/uploads\/2024\/11\/weihnachtsbeleuchtung-60er-nengel-300x228.jpg?v=1730717400 300w, https:\/\/www.kle-blatt.de\/blog\/wp-content\/uploads\/2024\/11\/weihnachtsbeleuchtung-60er-nengel-768x583.jpg?v=1730717400 768w\" sizes=\"auto, (max-width: 850px) 100vw, 850px\" \/><\/a><\/p>\n<p>(Bild gezeigt von Peter Nengel)<\/p>\n","protected":false},"excerpt":{"rendered":"<p>Weihnachtslicht am Klever Kaufhof in den 60ern Entstand dieses Bild vor oder nach Weihnachten? Eine st\u00e4dtische Weihnachtsbeleuchtung ist nicht zu &hellip; <a href=\"https:\/\/www.kle-blatt.de\/blog\/kleve-in-foto-video\/weihnachtslicht-am-klever-kaufhof-in-den-60ern.html\" class=\"more-link\"><span class=\"more-button\">Weiterlesen<span class=\"screen-reader-text\">Weihnachtslicht am Klever Kaufhof in den 60ern<\/span><\/span><\/a><\/p>\n","protected":false},"author":2,"featured_media":34556,"comment_status":"closed","ping_status":"closed","sticky":false,"template":"","format":"standard","meta":{"footnotes":""},"categories":[3],"tags":[6252],"class_list":["post-34555","post","type-post","status-publish","format-standard","has-post-thumbnail","hentry","category-kleve-in-foto-video","tag-weihnachtslicht-am-klever-kaufhof-in-den-60ern"],"_links":{"self":[{"href":"https:\/\/www.kle-blatt.de\/blog\/wp-json\/wp\/v2\/posts\/34555","targetHints":{"allow":["GET"]}}],"collection":[{"href":"https:\/\/www.kle-blatt.de\/blog\/wp-json\/wp\/v2\/posts"}],"about":[{"href":"https:\/\/www.kle-blatt.de\/blog\/wp-json\/wp\/v2\/types\/post"}],"author":[{"embeddable":true,"href":"https:\/\/www.kle-blatt.de\/blog\/wp-json\/wp\/v2\/users\/2"}],"replies":[{"embeddable":true,"href":"https:\/\/www.kle-blatt.de\/blog\/wp-json\/wp\/v2\/comments?post=34555"}],"version-history":[{"count":1,"href":"https:\/\/www.kle-blatt.de\/blog\/wp-json\/wp\/v2\/posts\/34555\/revisions"}],"predecessor-version":[{"id":34557,"href":"https:\/\/www.kle-blatt.de\/blog\/wp-json\/wp\/v2\/posts\/34555\/revisions\/34557"}],"wp:featuredmedia":[{"embeddable":true,"href":"https:\/\/www.kle-blatt.de\/blog\/wp-json\/wp\/v2\/media\/34556"}],"wp:attachment":[{"href":"https:\/\/www.kle-blatt.de\/blog\/wp-json\/wp\/v2\/media?parent=34555"}],"wp:term":[{"taxonomy":"category","embeddable":true,"href":"https:\/\/www.kle-blatt.de\/blog\/wp-json\/wp\/v2\/categories?post=34555"},{"taxonomy":"post_tag","embeddable":true,"href":"https:\/\/www.kle-blatt.de\/blog\/wp-json\/wp\/v2\/tags?post=34555"}],"curies":[{"name":"wp","href":"https:\/\/api.w.org\/{rel}","templated":true}]}}