{"id":34569,"date":"2024-12-23T07:06:38","date_gmt":"2024-12-23T05:06:38","guid":{"rendered":"https:\/\/www.kle-blatt.de\/blog\/?p=34569"},"modified":"2024-11-04T13:13:16","modified_gmt":"2024-11-04T11:13:16","slug":"kinder-starten-den-5-advent-in-kleve","status":"publish","type":"post","link":"https:\/\/www.kle-blatt.de\/blog\/kleve-in-foto-video\/kinder-starten-den-5-advent-in-kleve.html","title":{"rendered":"Kinder starten den 5. Advent in Kleve"},"content":{"rendered":"<p><strong>Kinder starten den 5. Advent in Kleve<\/strong><\/p>\n<p>Wie sonst l\u00e4sst es sich erkl\u00e4ren, dass das M\u00e4dchen am mit vier brennenden Kerzen auf dem Adventskranz eine f\u00fcnfte Kerze anz\u00fcndet? Der Junge schaut, als w\u00e4re das eine Selbstverst\u00e4ndlichkeit. Sehr niedlich.<\/p>\n<p><a href=\"https:\/\/www.kle-blatt.de\/blog\/wp-content\/uploads\/2024\/11\/vierter-advent.jpg\"><img loading=\"lazy\" decoding=\"async\" class=\"aligncenter size-full wp-image-34570\" src=\"https:\/\/www.kle-blatt.de\/blog\/wp-content\/uploads\/2024\/11\/vierter-advent.jpg\" alt=\"Kinder starten den 5. Advent in Kleve\" width=\"850\" height=\"963\" srcset=\"https:\/\/www.kle-blatt.de\/blog\/wp-content\/uploads\/2024\/11\/vierter-advent.jpg?v=1730718419 850w, https:\/\/www.kle-blatt.de\/blog\/wp-content\/uploads\/2024\/11\/vierter-advent-265x300.jpg?v=1730718419 265w, https:\/\/www.kle-blatt.de\/blog\/wp-content\/uploads\/2024\/11\/vierter-advent-768x870.jpg?v=1730718419 768w\" sizes=\"auto, (max-width: 850px) 100vw, 850px\" \/><\/a><br \/>\n(Foto: Fritz Getlinger \u2013 mit freundlicher Genehmigung von Frau Katrin Getlinger-Wessing)<\/p>\n","protected":false},"excerpt":{"rendered":"<p>Kinder starten den 5. Advent in Kleve Wie sonst l\u00e4sst es sich erkl\u00e4ren, dass das M\u00e4dchen am mit vier brennenden &hellip; <a href=\"https:\/\/www.kle-blatt.de\/blog\/kleve-in-foto-video\/kinder-starten-den-5-advent-in-kleve.html\" class=\"more-link\"><span class=\"more-button\">Weiterlesen<span class=\"screen-reader-text\">Kinder starten den 5. Advent in Kleve<\/span><\/span><\/a><\/p>\n","protected":false},"author":2,"featured_media":34570,"comment_status":"closed","ping_status":"closed","sticky":false,"template":"","format":"standard","meta":{"footnotes":""},"categories":[3],"tags":[6254],"class_list":["post-34569","post","type-post","status-publish","format-standard","has-post-thumbnail","hentry","category-kleve-in-foto-video","tag-kinder-starten-den-5-advent-in-kleve"],"_links":{"self":[{"href":"https:\/\/www.kle-blatt.de\/blog\/wp-json\/wp\/v2\/posts\/34569","targetHints":{"allow":["GET"]}}],"collection":[{"href":"https:\/\/www.kle-blatt.de\/blog\/wp-json\/wp\/v2\/posts"}],"about":[{"href":"https:\/\/www.kle-blatt.de\/blog\/wp-json\/wp\/v2\/types\/post"}],"author":[{"embeddable":true,"href":"https:\/\/www.kle-blatt.de\/blog\/wp-json\/wp\/v2\/users\/2"}],"replies":[{"embeddable":true,"href":"https:\/\/www.kle-blatt.de\/blog\/wp-json\/wp\/v2\/comments?post=34569"}],"version-history":[{"count":1,"href":"https:\/\/www.kle-blatt.de\/blog\/wp-json\/wp\/v2\/posts\/34569\/revisions"}],"predecessor-version":[{"id":34571,"href":"https:\/\/www.kle-blatt.de\/blog\/wp-json\/wp\/v2\/posts\/34569\/revisions\/34571"}],"wp:featuredmedia":[{"embeddable":true,"href":"https:\/\/www.kle-blatt.de\/blog\/wp-json\/wp\/v2\/media\/34570"}],"wp:attachment":[{"href":"https:\/\/www.kle-blatt.de\/blog\/wp-json\/wp\/v2\/media?parent=34569"}],"wp:term":[{"taxonomy":"category","embeddable":true,"href":"https:\/\/www.kle-blatt.de\/blog\/wp-json\/wp\/v2\/categories?post=34569"},{"taxonomy":"post_tag","embeddable":true,"href":"https:\/\/www.kle-blatt.de\/blog\/wp-json\/wp\/v2\/tags?post=34569"}],"curies":[{"name":"wp","href":"https:\/\/api.w.org\/{rel}","templated":true}]}}