{"id":35169,"date":"2025-05-20T06:42:40","date_gmt":"2025-05-20T04:42:40","guid":{"rendered":"https:\/\/www.kle-blatt.de\/blog\/?p=35169"},"modified":"2025-03-12T14:48:36","modified_gmt":"2025-03-12T12:48:36","slug":"heute-ist-der-welt-bienen-tag","status":"publish","type":"post","link":"https:\/\/www.kle-blatt.de\/blog\/allgemein\/heute-ist-der-welt-bienen-tag.html","title":{"rendered":"Heute ist der Welt-Bienen-Tag"},"content":{"rendered":"<p><strong>Heute ist der Welt-Bienen-Tag<\/strong><\/p>\n<p>Wieviel Bienen z\u00e4hlst Du denn noch in Deinem Garten? Vermutlich kommst Du mit den Fingern einer Hand aus. Das ist sehr bedauerlich, wie Du hier weiter nachlesen kannst:<br \/>\nDer Welt-Bienen-Tag, der jedes Jahr am 20. Mai gefeiert wird, wurde von den Vereinten Nationen ins Leben gerufen, um das Bewusstsein f\u00fcr die entscheidende Rolle der Bienen im \u00d6kosystem und f\u00fcr die Erhaltung der Biodiversit\u00e4t zu sch\u00e4rfen. Der Tag erinnert uns an die wesentliche Bedeutung von Bienen und anderen Best\u00e4ubern f\u00fcr die Landwirtschaft, unsere Nahrungsmittelproduktion und die Erhaltung der nat\u00fcrlichen Ressourcen.<br \/>\nBienen sind f\u00fcr die Best\u00e4ubung von etwa einem Drittel der weltweiten Nahrungsmittelproduktion verantwortlich. Ohne sie w\u00fcrden viele Obst-, Gem\u00fcse- und Nussarten sowie eine Vielzahl von Blumen und Pflanzen nicht gedeihen. Ihre Rolle in der Best\u00e4ubung ist unverzichtbar, da sie eine Vielzahl von Pflanzenarten mit anderen Organismen verbinden und so zur nat\u00fcrlichen Fortpflanzung und genetischen Vielfalt beitragen.<br \/>\nTrotz ihrer wichtigen Funktion sind Bienen durch verschiedene Faktoren wie den Verlust ihres Lebensraums, den Einsatz von Pestiziden, den Klimawandel und Krankheiten stark bedroht. Der Welt-Bienen-Tag soll daher dazu beitragen, das Bewusstsein f\u00fcr diese Bedrohungen zu sch\u00e4rfen und die Notwendigkeit von Schutzma\u00dfnahmen zu betonen. Durch die F\u00f6rderung von bienenfreundlichen Praktiken, wie dem Anpflanzen von Blumenwiesen, dem Verzicht auf sch\u00e4dliche Chemikalien und dem Erhalt von nat\u00fcrlichen Lebensr\u00e4umen, k\u00f6nnen wir dazu beitragen, die Bienenpopulation zu stabilisieren und langfristig zu sch\u00fctzen.<br \/>\nDer Welt-Bienen-Tag ist eine Einladung, mehr \u00fcber Bienen zu lernen, ihre Bedeutung zu w\u00fcrdigen und aktiv zum Schutz dieser kleinen, aber \u00e4u\u00dferst wichtigen Tiere beizutragen.<\/p>\n<p><a href=\"https:\/\/www.kle-blatt.de\/blog\/wp-content\/uploads\/2025\/03\/weltbienentag-20-05.jpg\"><img loading=\"lazy\" decoding=\"async\" class=\"aligncenter size-full wp-image-35170\" src=\"https:\/\/www.kle-blatt.de\/blog\/wp-content\/uploads\/2025\/03\/weltbienentag-20-05.jpg\" alt=\"Heute ist der Welt-Bienen-Tag\" width=\"849\" height=\"557\" srcset=\"https:\/\/www.kle-blatt.de\/blog\/wp-content\/uploads\/2025\/03\/weltbienentag-20-05.jpg?v=1741783391 849w, https:\/\/www.kle-blatt.de\/blog\/wp-content\/uploads\/2025\/03\/weltbienentag-20-05-300x197.jpg?v=1741783391 300w, https:\/\/www.kle-blatt.de\/blog\/wp-content\/uploads\/2025\/03\/weltbienentag-20-05-768x504.jpg?v=1741783391 768w, https:\/\/www.kle-blatt.de\/blog\/wp-content\/uploads\/2025\/03\/weltbienentag-20-05-79x53.jpg?v=1741783391 79w\" sizes=\"auto, (max-width: 849px) 100vw, 849px\" \/><\/a><br \/>\n(Bild: KLE-Blatt + KI)<\/p>\n","protected":false},"excerpt":{"rendered":"<p>Heute ist der Welt-Bienen-Tag Wieviel Bienen z\u00e4hlst Du denn noch in Deinem Garten? Vermutlich kommst Du mit den Fingern einer &hellip; <a href=\"https:\/\/www.kle-blatt.de\/blog\/allgemein\/heute-ist-der-welt-bienen-tag.html\" class=\"more-link\"><span class=\"more-button\">Weiterlesen<span class=\"screen-reader-text\">Heute ist der Welt-Bienen-Tag<\/span><\/span><\/a><\/p>\n","protected":false},"author":2,"featured_media":35170,"comment_status":"closed","ping_status":"closed","sticky":false,"template":"","format":"standard","meta":{"footnotes":""},"categories":[1],"tags":[6314],"class_list":["post-35169","post","type-post","status-publish","format-standard","has-post-thumbnail","hentry","category-allgemein","tag-heute-ist-der-welt-bienen-tag"],"_links":{"self":[{"href":"https:\/\/www.kle-blatt.de\/blog\/wp-json\/wp\/v2\/posts\/35169","targetHints":{"allow":["GET"]}}],"collection":[{"href":"https:\/\/www.kle-blatt.de\/blog\/wp-json\/wp\/v2\/posts"}],"about":[{"href":"https:\/\/www.kle-blatt.de\/blog\/wp-json\/wp\/v2\/types\/post"}],"author":[{"embeddable":true,"href":"https:\/\/www.kle-blatt.de\/blog\/wp-json\/wp\/v2\/users\/2"}],"replies":[{"embeddable":true,"href":"https:\/\/www.kle-blatt.de\/blog\/wp-json\/wp\/v2\/comments?post=35169"}],"version-history":[{"count":1,"href":"https:\/\/www.kle-blatt.de\/blog\/wp-json\/wp\/v2\/posts\/35169\/revisions"}],"predecessor-version":[{"id":35171,"href":"https:\/\/www.kle-blatt.de\/blog\/wp-json\/wp\/v2\/posts\/35169\/revisions\/35171"}],"wp:featuredmedia":[{"embeddable":true,"href":"https:\/\/www.kle-blatt.de\/blog\/wp-json\/wp\/v2\/media\/35170"}],"wp:attachment":[{"href":"https:\/\/www.kle-blatt.de\/blog\/wp-json\/wp\/v2\/media?parent=35169"}],"wp:term":[{"taxonomy":"category","embeddable":true,"href":"https:\/\/www.kle-blatt.de\/blog\/wp-json\/wp\/v2\/categories?post=35169"},{"taxonomy":"post_tag","embeddable":true,"href":"https:\/\/www.kle-blatt.de\/blog\/wp-json\/wp\/v2\/tags?post=35169"}],"curies":[{"name":"wp","href":"https:\/\/api.w.org\/{rel}","templated":true}]}}