{"id":35280,"date":"2025-06-19T06:13:33","date_gmt":"2025-06-19T04:13:33","guid":{"rendered":"https:\/\/www.kle-blatt.de\/blog\/?p=35280"},"modified":"2025-04-11T11:16:28","modified_gmt":"2025-04-11T09:16:28","slug":"heute-ist-fronleichnam-2","status":"publish","type":"post","link":"https:\/\/www.kle-blatt.de\/blog\/kleve-in-foto-video\/aus-dem-privatalbum\/heute-ist-fronleichnam-2.html","title":{"rendered":"Heute ist Fronleichnam"},"content":{"rendered":"<p><strong>Heute ist Fronleichnam<\/strong><\/p>\n<p>Fronleichnam 2025 f\u00e4llt auf den heutigen Donnerstag, den 19. Juni. Es ist ein katholischer Feiertag, der das Hochfest des Leibes und Blutes Christi feiert. An diesem Tag wird die Gegenwart Jesu Christi im Sakrament der Eucharistie besonders verehrt.<br \/>\nTypisch f\u00fcr Fronleichnam sind feierliche Gottesdienste und Prozessionen, bei denen die geweihte Hostie in einer Monstranz durch die Stra\u00dfen getragen wird. Der Feiertag wird vor allem in katholisch gepr\u00e4gten Regionen Deutschlands, \u00d6sterreichs, der Schweiz und anderen L\u00e4ndern gefeiert. In einigen Bundesl\u00e4ndern Deutschlands ist er ein gesetzlicher Feiertag.<\/p>\n<p><a href=\"https:\/\/www.kle-blatt.de\/blog\/wp-content\/uploads\/2025\/04\/fronleichnam-19-06.jpg\"><img loading=\"lazy\" decoding=\"async\" class=\"aligncenter size-full wp-image-35281\" src=\"https:\/\/www.kle-blatt.de\/blog\/wp-content\/uploads\/2025\/04\/fronleichnam-19-06.jpg\" alt=\"Heute ist Fronleichnam\" width=\"850\" height=\"527\" srcset=\"https:\/\/www.kle-blatt.de\/blog\/wp-content\/uploads\/2025\/04\/fronleichnam-19-06.jpg?v=1744362890 850w, https:\/\/www.kle-blatt.de\/blog\/wp-content\/uploads\/2025\/04\/fronleichnam-19-06-300x186.jpg?v=1744362890 300w, https:\/\/www.kle-blatt.de\/blog\/wp-content\/uploads\/2025\/04\/fronleichnam-19-06-768x476.jpg?v=1744362890 768w\" sizes=\"auto, (max-width: 850px) 100vw, 850px\" \/><\/a><br \/>\n(Bild: KLE-Blatt + KI)<\/p>\n","protected":false},"excerpt":{"rendered":"<p>Heute ist Fronleichnam Fronleichnam 2025 f\u00e4llt auf den heutigen Donnerstag, den 19. Juni. Es ist ein katholischer Feiertag, der das &hellip; <a href=\"https:\/\/www.kle-blatt.de\/blog\/kleve-in-foto-video\/aus-dem-privatalbum\/heute-ist-fronleichnam-2.html\" class=\"more-link\"><span class=\"more-button\">Weiterlesen<span class=\"screen-reader-text\">Heute ist Fronleichnam<\/span><\/span><\/a><\/p>\n","protected":false},"author":2,"featured_media":35281,"comment_status":"closed","ping_status":"closed","sticky":false,"template":"","format":"standard","meta":{"footnotes":""},"categories":[20],"tags":[3906],"class_list":["post-35280","post","type-post","status-publish","format-standard","has-post-thumbnail","hentry","category-aus-dem-privatalbum","tag-heute-ist-fronleichnam"],"_links":{"self":[{"href":"https:\/\/www.kle-blatt.de\/blog\/wp-json\/wp\/v2\/posts\/35280","targetHints":{"allow":["GET"]}}],"collection":[{"href":"https:\/\/www.kle-blatt.de\/blog\/wp-json\/wp\/v2\/posts"}],"about":[{"href":"https:\/\/www.kle-blatt.de\/blog\/wp-json\/wp\/v2\/types\/post"}],"author":[{"embeddable":true,"href":"https:\/\/www.kle-blatt.de\/blog\/wp-json\/wp\/v2\/users\/2"}],"replies":[{"embeddable":true,"href":"https:\/\/www.kle-blatt.de\/blog\/wp-json\/wp\/v2\/comments?post=35280"}],"version-history":[{"count":1,"href":"https:\/\/www.kle-blatt.de\/blog\/wp-json\/wp\/v2\/posts\/35280\/revisions"}],"predecessor-version":[{"id":35282,"href":"https:\/\/www.kle-blatt.de\/blog\/wp-json\/wp\/v2\/posts\/35280\/revisions\/35282"}],"wp:featuredmedia":[{"embeddable":true,"href":"https:\/\/www.kle-blatt.de\/blog\/wp-json\/wp\/v2\/media\/35281"}],"wp:attachment":[{"href":"https:\/\/www.kle-blatt.de\/blog\/wp-json\/wp\/v2\/media?parent=35280"}],"wp:term":[{"taxonomy":"category","embeddable":true,"href":"https:\/\/www.kle-blatt.de\/blog\/wp-json\/wp\/v2\/categories?post=35280"},{"taxonomy":"post_tag","embeddable":true,"href":"https:\/\/www.kle-blatt.de\/blog\/wp-json\/wp\/v2\/tags?post=35280"}],"curies":[{"name":"wp","href":"https:\/\/api.w.org\/{rel}","templated":true}]}}