{"id":35490,"date":"2025-08-22T07:12:13","date_gmt":"2025-08-22T05:12:13","guid":{"rendered":"https:\/\/www.kle-blatt.de\/blog\/?p=35490"},"modified":"2025-07-03T14:13:17","modified_gmt":"2025-07-03T12:13:17","slug":"gekannt-die-rockenden-schwanenritter","status":"publish","type":"post","link":"https:\/\/www.kle-blatt.de\/blog\/kultur\/klever-musik-und-diskoszene\/gekannt-die-rockenden-schwanenritter.html","title":{"rendered":"Gekannt? Die rockenden Schwanenritter"},"content":{"rendered":"<p><strong>Gekannt? Die rockenden Schwanenritter<\/strong><\/p>\n<p>Weltruhm haben sie leider nicht erlangt, aber immerhin haben es die Swan Knights bestimmt krachen lassen. Wer war dabei oder wei\u00df n\u00e4heres zu dieser Band, die ja immerhin Auftritte mit drei Gitarristen, einem Schlagzeuger und einem S\u00e4nger hin gelegt haben muss.<\/p>\n<p><a href=\"https:\/\/www.kle-blatt.de\/blog\/wp-content\/uploads\/2025\/05\/the-swan-knights-2-wolfgang-conrad.jpg\"><img loading=\"lazy\" decoding=\"async\" class=\"aligncenter size-full wp-image-35491\" src=\"https:\/\/www.kle-blatt.de\/blog\/wp-content\/uploads\/2025\/05\/the-swan-knights-2-wolfgang-conrad.jpg\" alt=\"Gekannt? Die rockenden Schwanenritter\" width=\"850\" height=\"579\" srcset=\"https:\/\/www.kle-blatt.de\/blog\/wp-content\/uploads\/2025\/05\/the-swan-knights-2-wolfgang-conrad.jpg?v=1748346830 850w, https:\/\/www.kle-blatt.de\/blog\/wp-content\/uploads\/2025\/05\/the-swan-knights-2-wolfgang-conrad-300x204.jpg?v=1748346830 300w, https:\/\/www.kle-blatt.de\/blog\/wp-content\/uploads\/2025\/05\/the-swan-knights-2-wolfgang-conrad-768x523.jpg?v=1748346830 768w, https:\/\/www.kle-blatt.de\/blog\/wp-content\/uploads\/2025\/05\/the-swan-knights-2-wolfgang-conrad-79x53.jpg?v=1748346830 79w\" sizes=\"auto, (max-width: 850px) 100vw, 850px\" \/><\/a><br \/>\n(Bild gezeigt von Wolfgang Conrad)<\/p>\n","protected":false},"excerpt":{"rendered":"<p>Gekannt? Die rockenden Schwanenritter Weltruhm haben sie leider nicht erlangt, aber immerhin haben es die Swan Knights bestimmt krachen lassen. &hellip; <a href=\"https:\/\/www.kle-blatt.de\/blog\/kultur\/klever-musik-und-diskoszene\/gekannt-die-rockenden-schwanenritter.html\" class=\"more-link\"><span class=\"more-button\">Weiterlesen<span class=\"screen-reader-text\">Gekannt? Die rockenden Schwanenritter<\/span><\/span><\/a><\/p>\n","protected":false},"author":2,"featured_media":35491,"comment_status":"closed","ping_status":"closed","sticky":false,"template":"","format":"standard","meta":{"footnotes":""},"categories":[5279],"tags":[6356],"class_list":["post-35490","post","type-post","status-publish","format-standard","has-post-thumbnail","hentry","category-klever-musik-und-diskoszene","tag-gekannt-die-rockenden-schwanenritter"],"_links":{"self":[{"href":"https:\/\/www.kle-blatt.de\/blog\/wp-json\/wp\/v2\/posts\/35490","targetHints":{"allow":["GET"]}}],"collection":[{"href":"https:\/\/www.kle-blatt.de\/blog\/wp-json\/wp\/v2\/posts"}],"about":[{"href":"https:\/\/www.kle-blatt.de\/blog\/wp-json\/wp\/v2\/types\/post"}],"author":[{"embeddable":true,"href":"https:\/\/www.kle-blatt.de\/blog\/wp-json\/wp\/v2\/users\/2"}],"replies":[{"embeddable":true,"href":"https:\/\/www.kle-blatt.de\/blog\/wp-json\/wp\/v2\/comments?post=35490"}],"version-history":[{"count":1,"href":"https:\/\/www.kle-blatt.de\/blog\/wp-json\/wp\/v2\/posts\/35490\/revisions"}],"predecessor-version":[{"id":35492,"href":"https:\/\/www.kle-blatt.de\/blog\/wp-json\/wp\/v2\/posts\/35490\/revisions\/35492"}],"wp:featuredmedia":[{"embeddable":true,"href":"https:\/\/www.kle-blatt.de\/blog\/wp-json\/wp\/v2\/media\/35491"}],"wp:attachment":[{"href":"https:\/\/www.kle-blatt.de\/blog\/wp-json\/wp\/v2\/media?parent=35490"}],"wp:term":[{"taxonomy":"category","embeddable":true,"href":"https:\/\/www.kle-blatt.de\/blog\/wp-json\/wp\/v2\/categories?post=35490"},{"taxonomy":"post_tag","embeddable":true,"href":"https:\/\/www.kle-blatt.de\/blog\/wp-json\/wp\/v2\/tags?post=35490"}],"curies":[{"name":"wp","href":"https:\/\/api.w.org\/{rel}","templated":true}]}}