{"id":35493,"date":"2025-08-18T06:02:48","date_gmt":"2025-08-18T04:02:48","guid":{"rendered":"https:\/\/www.kle-blatt.de\/blog\/?p=35493"},"modified":"2025-07-03T10:57:24","modified_gmt":"2025-07-03T08:57:24","slug":"heute-ist-tag-des-hochgekrempelten-hosenbeins-auch-in-kleve","status":"publish","type":"post","link":"https:\/\/www.kle-blatt.de\/blog\/allgemein\/heute-ist-tag-des-hochgekrempelten-hosenbeins-auch-in-kleve.html","title":{"rendered":"Heute ist Tag des hochgekrempelten Hosenbeins auch in Kleve"},"content":{"rendered":"<p data-start=\"0\" data-end=\"65\"><strong data-start=\"0\" data-end=\"65\">Heute ist Tag des hochgekrempelten Hosenbeins \u2013 auch in Kleve<\/strong><\/p>\n<p data-start=\"67\" data-end=\"466\" data-is-last-node=\"\" data-is-only-node=\"\">Der \u201eTag des hochgekrempelten Hosenbeins\u201c am 18. August ist ein humorvoller Aktionstag, ins Leben gerufen vom Stuttgarter Cartoonisten Bastian Melnyk. Urspr\u00fcnglich diente das Hochkrempeln praktischen Zwecken oder als Zeichen der Gruppenzugeh\u00f6rigkeit \u2013 z.B. in der Hip-Hop-Szene oder bei Freimaurern. Heute steht der Tag vor allem f\u00fcr Spa\u00df und einen kleinen, unkonventionellen Blick auf Allt\u00e4gliches.<\/p>\n<p><a href=\"https:\/\/www.kle-blatt.de\/blog\/wp-content\/uploads\/2025\/05\/hosenbein-18-08.jpg\"><img loading=\"lazy\" decoding=\"async\" class=\"aligncenter size-full wp-image-35494\" src=\"https:\/\/www.kle-blatt.de\/blog\/wp-content\/uploads\/2025\/05\/hosenbein-18-08.jpg\" alt=\"\" width=\"850\" height=\"540\" srcset=\"https:\/\/www.kle-blatt.de\/blog\/wp-content\/uploads\/2025\/05\/hosenbein-18-08.jpg?v=1748347564 850w, https:\/\/www.kle-blatt.de\/blog\/wp-content\/uploads\/2025\/05\/hosenbein-18-08-300x191.jpg?v=1748347564 300w, https:\/\/www.kle-blatt.de\/blog\/wp-content\/uploads\/2025\/05\/hosenbein-18-08-768x488.jpg?v=1748347564 768w\" sizes=\"auto, (max-width: 850px) 100vw, 850px\" \/><\/a><br \/>\n(Bild: KLE-Blatt + KI)<\/p>\n","protected":false},"excerpt":{"rendered":"<p>Heute ist Tag des hochgekrempelten Hosenbeins \u2013 auch in Kleve Der \u201eTag des hochgekrempelten Hosenbeins\u201c am 18. August ist ein &hellip; <a href=\"https:\/\/www.kle-blatt.de\/blog\/allgemein\/heute-ist-tag-des-hochgekrempelten-hosenbeins-auch-in-kleve.html\" class=\"more-link\"><span class=\"more-button\">Weiterlesen<span class=\"screen-reader-text\">Heute ist Tag des hochgekrempelten Hosenbeins auch in Kleve<\/span><\/span><\/a><\/p>\n","protected":false},"author":2,"featured_media":35494,"comment_status":"closed","ping_status":"closed","sticky":false,"template":"","format":"standard","meta":{"footnotes":""},"categories":[1],"tags":[6357],"class_list":["post-35493","post","type-post","status-publish","format-standard","has-post-thumbnail","hentry","category-allgemein","tag-heute-ist-tag-des-hochgekrempelten-hosenbeins-auch-in-kleve"],"_links":{"self":[{"href":"https:\/\/www.kle-blatt.de\/blog\/wp-json\/wp\/v2\/posts\/35493","targetHints":{"allow":["GET"]}}],"collection":[{"href":"https:\/\/www.kle-blatt.de\/blog\/wp-json\/wp\/v2\/posts"}],"about":[{"href":"https:\/\/www.kle-blatt.de\/blog\/wp-json\/wp\/v2\/types\/post"}],"author":[{"embeddable":true,"href":"https:\/\/www.kle-blatt.de\/blog\/wp-json\/wp\/v2\/users\/2"}],"replies":[{"embeddable":true,"href":"https:\/\/www.kle-blatt.de\/blog\/wp-json\/wp\/v2\/comments?post=35493"}],"version-history":[{"count":1,"href":"https:\/\/www.kle-blatt.de\/blog\/wp-json\/wp\/v2\/posts\/35493\/revisions"}],"predecessor-version":[{"id":35495,"href":"https:\/\/www.kle-blatt.de\/blog\/wp-json\/wp\/v2\/posts\/35493\/revisions\/35495"}],"wp:featuredmedia":[{"embeddable":true,"href":"https:\/\/www.kle-blatt.de\/blog\/wp-json\/wp\/v2\/media\/35494"}],"wp:attachment":[{"href":"https:\/\/www.kle-blatt.de\/blog\/wp-json\/wp\/v2\/media?parent=35493"}],"wp:term":[{"taxonomy":"category","embeddable":true,"href":"https:\/\/www.kle-blatt.de\/blog\/wp-json\/wp\/v2\/categories?post=35493"},{"taxonomy":"post_tag","embeddable":true,"href":"https:\/\/www.kle-blatt.de\/blog\/wp-json\/wp\/v2\/tags?post=35493"}],"curies":[{"name":"wp","href":"https:\/\/api.w.org\/{rel}","templated":true}]}}