{"id":35496,"date":"2025-08-01T06:10:08","date_gmt":"2025-08-01T04:10:08","guid":{"rendered":"https:\/\/www.kle-blatt.de\/blog\/?p=35496"},"modified":"2025-07-03T10:56:33","modified_gmt":"2025-07-03T08:56:33","slug":"heute-ist-der-tag-des-bieres-auch-in-kleve","status":"publish","type":"post","link":"https:\/\/www.kle-blatt.de\/blog\/allgemein\/heute-ist-der-tag-des-bieres-auch-in-kleve.html","title":{"rendered":"Heute ist der Tag des Bieres auch in Kleve"},"content":{"rendered":"<p><strong>Heute ist der Tag des Bieres auch in Kleve<\/strong><\/p>\n<p>Der Internationale Tag des Bieres wird jedes Jahr am ersten Freitag im August weltweit gefeiert. An diesem Tag steht das Bier als Symbol f\u00fcr Geselligkeit, Genuss und Tradition im Mittelpunkt. Der Tag soll die Bierkultur und das Getr\u00e4nk selbst feiern und w\u00fcrdigen.<br \/>\nDer Tag soll die Brauer und Kellner ehren, die Bier brauen und servieren, sowie die Bierkultur und das Getr\u00e4nk selbst feiern.<br \/>\nDer Internationale Tag des Bieres wird weltweit mit Bierverkostungen, Bier- und Food-Pairings, Bierstil-Wettbewerben und Bier-Quizzes gefeiert.<br \/>\nAuch in Kleve? Na dann &#8211; PROST!<\/p>\n<p><a href=\"https:\/\/www.kle-blatt.de\/blog\/wp-content\/uploads\/2025\/05\/tag-des-bieres-02-08.jpg\"><img loading=\"lazy\" decoding=\"async\" class=\"aligncenter size-full wp-image-35498\" src=\"https:\/\/www.kle-blatt.de\/blog\/wp-content\/uploads\/2025\/05\/tag-des-bieres-02-08.jpg\" alt=\"\" width=\"850\" height=\"501\" srcset=\"https:\/\/www.kle-blatt.de\/blog\/wp-content\/uploads\/2025\/05\/tag-des-bieres-02-08.jpg?v=1748347965 850w, https:\/\/www.kle-blatt.de\/blog\/wp-content\/uploads\/2025\/05\/tag-des-bieres-02-08-300x177.jpg?v=1748347965 300w, https:\/\/www.kle-blatt.de\/blog\/wp-content\/uploads\/2025\/05\/tag-des-bieres-02-08-768x453.jpg?v=1748347965 768w\" sizes=\"auto, (max-width: 850px) 100vw, 850px\" \/><\/a><br \/>\n(Bild: KLE-Blatt + KI)<\/p>\n","protected":false},"excerpt":{"rendered":"<p>Heute ist der Tag des Bieres auch in Kleve Der Internationale Tag des Bieres wird jedes Jahr am ersten Freitag &hellip; <a href=\"https:\/\/www.kle-blatt.de\/blog\/allgemein\/heute-ist-der-tag-des-bieres-auch-in-kleve.html\" class=\"more-link\"><span class=\"more-button\">Weiterlesen<span class=\"screen-reader-text\">Heute ist der Tag des Bieres auch in Kleve<\/span><\/span><\/a><\/p>\n","protected":false},"author":2,"featured_media":35498,"comment_status":"closed","ping_status":"closed","sticky":false,"template":"","format":"standard","meta":{"footnotes":""},"categories":[1],"tags":[6358],"class_list":["post-35496","post","type-post","status-publish","format-standard","has-post-thumbnail","hentry","category-allgemein","tag-heute-ist-der-tag-des-bieres-auch-in-kleve"],"_links":{"self":[{"href":"https:\/\/www.kle-blatt.de\/blog\/wp-json\/wp\/v2\/posts\/35496","targetHints":{"allow":["GET"]}}],"collection":[{"href":"https:\/\/www.kle-blatt.de\/blog\/wp-json\/wp\/v2\/posts"}],"about":[{"href":"https:\/\/www.kle-blatt.de\/blog\/wp-json\/wp\/v2\/types\/post"}],"author":[{"embeddable":true,"href":"https:\/\/www.kle-blatt.de\/blog\/wp-json\/wp\/v2\/users\/2"}],"replies":[{"embeddable":true,"href":"https:\/\/www.kle-blatt.de\/blog\/wp-json\/wp\/v2\/comments?post=35496"}],"version-history":[{"count":1,"href":"https:\/\/www.kle-blatt.de\/blog\/wp-json\/wp\/v2\/posts\/35496\/revisions"}],"predecessor-version":[{"id":35499,"href":"https:\/\/www.kle-blatt.de\/blog\/wp-json\/wp\/v2\/posts\/35496\/revisions\/35499"}],"wp:featuredmedia":[{"embeddable":true,"href":"https:\/\/www.kle-blatt.de\/blog\/wp-json\/wp\/v2\/media\/35498"}],"wp:attachment":[{"href":"https:\/\/www.kle-blatt.de\/blog\/wp-json\/wp\/v2\/media?parent=35496"}],"wp:term":[{"taxonomy":"category","embeddable":true,"href":"https:\/\/www.kle-blatt.de\/blog\/wp-json\/wp\/v2\/categories?post=35496"},{"taxonomy":"post_tag","embeddable":true,"href":"https:\/\/www.kle-blatt.de\/blog\/wp-json\/wp\/v2\/tags?post=35496"}],"curies":[{"name":"wp","href":"https:\/\/api.w.org\/{rel}","templated":true}]}}