{"id":35500,"date":"2025-08-31T06:25:06","date_gmt":"2025-08-31T04:25:06","guid":{"rendered":"https:\/\/www.kle-blatt.de\/blog\/?p=35500"},"modified":"2025-07-03T10:55:37","modified_gmt":"2025-07-03T08:55:37","slug":"heute-gibt-es-ein-forstgartenkonzert-mit-die-berger-musikanten","status":"publish","type":"post","link":"https:\/\/www.kle-blatt.de\/blog\/kultur\/klever-musik-und-diskoszene\/heute-gibt-es-ein-forstgartenkonzert-mit-die-berger-musikanten.html","title":{"rendered":"Heute gibt es ein Forstgartenkonzert mit Die Berger Musikanten"},"content":{"rendered":"<p><strong>Heute gibt es ein Forstgartenkonzert mit Die Berger Musikanten<\/strong><\/p>\n<p>Die Forstgartenkonzerte in Kleve sind eine traditionsreiche Open-Air-Konzertreihe, die j\u00e4hrlich in der Konzertmuschel des Blumenhofs im Forstgarten stattfindet. Sie bieten ein vielf\u00e4ltiges musikalisches Programm, das von klassischen \u00fcber volkst\u00fcmliche bis hin zu modernen Kl\u00e4ngen reicht. Der Eintritt ist frei, und Besucher sind eingeladen, auf den bereitgestellten St\u00fchlen, B\u00e4nken oder mitgebrachten Picknickdecken Platz zu nehmen.\u200b Heute spielen die Berger Musikanten dort zwischen 15.00 und 17.00 Uhr.<\/p>\n<p><a href=\"https:\/\/www.kle-blatt.de\/blog\/wp-content\/uploads\/2025\/05\/forstgartenkonzert.jpg\"><img loading=\"lazy\" decoding=\"async\" class=\"aligncenter size-full wp-image-35501\" src=\"https:\/\/www.kle-blatt.de\/blog\/wp-content\/uploads\/2025\/05\/forstgartenkonzert.jpg\" alt=\"Heute gibt es ein Forstgartenkonzert mit Die Berger Musikanten\" width=\"850\" height=\"570\" srcset=\"https:\/\/www.kle-blatt.de\/blog\/wp-content\/uploads\/2025\/05\/forstgartenkonzert.jpg?v=1748420927 850w, https:\/\/www.kle-blatt.de\/blog\/wp-content\/uploads\/2025\/05\/forstgartenkonzert-300x201.jpg?v=1748420927 300w, https:\/\/www.kle-blatt.de\/blog\/wp-content\/uploads\/2025\/05\/forstgartenkonzert-768x515.jpg?v=1748420927 768w, https:\/\/www.kle-blatt.de\/blog\/wp-content\/uploads\/2025\/05\/forstgartenkonzert-79x53.jpg?v=1748420927 79w\" sizes=\"auto, (max-width: 850px) 100vw, 850px\" \/><\/a><\/p>\n","protected":false},"excerpt":{"rendered":"<p>Heute gibt es ein Forstgartenkonzert mit Die Berger Musikanten Die Forstgartenkonzerte in Kleve sind eine traditionsreiche Open-Air-Konzertreihe, die j\u00e4hrlich in &hellip; <a href=\"https:\/\/www.kle-blatt.de\/blog\/kultur\/klever-musik-und-diskoszene\/heute-gibt-es-ein-forstgartenkonzert-mit-die-berger-musikanten.html\" class=\"more-link\"><span class=\"more-button\">Weiterlesen<span class=\"screen-reader-text\">Heute gibt es ein Forstgartenkonzert mit Die Berger Musikanten<\/span><\/span><\/a><\/p>\n","protected":false},"author":2,"featured_media":35501,"comment_status":"closed","ping_status":"closed","sticky":false,"template":"","format":"standard","meta":{"footnotes":""},"categories":[5279],"tags":[6359],"class_list":["post-35500","post","type-post","status-publish","format-standard","has-post-thumbnail","hentry","category-klever-musik-und-diskoszene","tag-heute-gibt-es-ein-forstgartenkonzert-mit-die-berger-musikanten"],"_links":{"self":[{"href":"https:\/\/www.kle-blatt.de\/blog\/wp-json\/wp\/v2\/posts\/35500","targetHints":{"allow":["GET"]}}],"collection":[{"href":"https:\/\/www.kle-blatt.de\/blog\/wp-json\/wp\/v2\/posts"}],"about":[{"href":"https:\/\/www.kle-blatt.de\/blog\/wp-json\/wp\/v2\/types\/post"}],"author":[{"embeddable":true,"href":"https:\/\/www.kle-blatt.de\/blog\/wp-json\/wp\/v2\/users\/2"}],"replies":[{"embeddable":true,"href":"https:\/\/www.kle-blatt.de\/blog\/wp-json\/wp\/v2\/comments?post=35500"}],"version-history":[{"count":1,"href":"https:\/\/www.kle-blatt.de\/blog\/wp-json\/wp\/v2\/posts\/35500\/revisions"}],"predecessor-version":[{"id":35502,"href":"https:\/\/www.kle-blatt.de\/blog\/wp-json\/wp\/v2\/posts\/35500\/revisions\/35502"}],"wp:featuredmedia":[{"embeddable":true,"href":"https:\/\/www.kle-blatt.de\/blog\/wp-json\/wp\/v2\/media\/35501"}],"wp:attachment":[{"href":"https:\/\/www.kle-blatt.de\/blog\/wp-json\/wp\/v2\/media?parent=35500"}],"wp:term":[{"taxonomy":"category","embeddable":true,"href":"https:\/\/www.kle-blatt.de\/blog\/wp-json\/wp\/v2\/categories?post=35500"},{"taxonomy":"post_tag","embeddable":true,"href":"https:\/\/www.kle-blatt.de\/blog\/wp-json\/wp\/v2\/tags?post=35500"}],"curies":[{"name":"wp","href":"https:\/\/api.w.org\/{rel}","templated":true}]}}