{"id":35503,"date":"2025-08-03T06:37:39","date_gmt":"2025-08-03T04:37:39","guid":{"rendered":"https:\/\/www.kle-blatt.de\/blog\/?p=35503"},"modified":"2025-07-03T10:53:31","modified_gmt":"2025-07-03T08:53:31","slug":"heute-findet-der-35-klevische-klaviersommer-statt","status":"publish","type":"post","link":"https:\/\/www.kle-blatt.de\/blog\/kultur\/klever-musik-und-diskoszene\/heute-findet-der-35-klevische-klaviersommer-statt.html","title":{"rendered":"Heute findet der 35. Klevische Klaviersommer statt"},"content":{"rendered":"<p><strong>Heute findet der 35. Klevische Klaviersommer statt<\/strong><\/p>\n<p>Seit 1989 findet jedes Jahr an den letzten beiden Sonntagen im Juli und den ersten beiden Sonntagen im August der Klevische Klaviersommer statt, veranstaltet vom Klevischen Verein f\u00fcr Kultur und Geschichte e.V. Initiiert wurde die Konzertreihe von Prof. Boguslaw Jan Strobel, der seitdem als k\u00fcnstlerischer Leiter den Klaviersommer begleitet.<br \/>\nDas Ambiente wird gepr\u00e4gt durch die besondere Atmosph\u00e4re im Forstgarten Kleve, der die Open-Air-Konzerte einrahmt. Hier genie\u00dfen nicht nur die Besucher, sondern auch namhafte K\u00fcnstler das hochkar\u00e4tige Musikerlebnis.<br \/>\nDank der engagierten Unterst\u00fctzung von Unternehmen aus der Region, Mitgliedern des Klevischen Vereins, konzertbegeisterten Sponsoren und Privatpersonen ist der Klevische Klaviersommer seit dem ersten Jahr eintrittsfrei!<br \/>\nDie Veranstalzung startet bei der Konzertmuschel im Foratgarten um 17.00 Uhr und endet gegen 18.30 Uhr.<\/p>\n<p><a href=\"https:\/\/www.kle-blatt.de\/blog\/wp-content\/uploads\/2025\/05\/klaviersommer.jpg\"><img loading=\"lazy\" decoding=\"async\" class=\"aligncenter size-full wp-image-35504\" src=\"https:\/\/www.kle-blatt.de\/blog\/wp-content\/uploads\/2025\/05\/klaviersommer.jpg\" alt=\"Heute findet der 35. Klevische Klaviersommer statt\" width=\"849\" height=\"553\" srcset=\"https:\/\/www.kle-blatt.de\/blog\/wp-content\/uploads\/2025\/05\/klaviersommer.jpg?v=1748421703 849w, https:\/\/www.kle-blatt.de\/blog\/wp-content\/uploads\/2025\/05\/klaviersommer-300x195.jpg?v=1748421703 300w, https:\/\/www.kle-blatt.de\/blog\/wp-content\/uploads\/2025\/05\/klaviersommer-768x500.jpg?v=1748421703 768w\" sizes=\"auto, (max-width: 849px) 100vw, 849px\" \/><\/a><br \/>\n(Bild: KLE-Blatt + KI)<\/p>\n","protected":false},"excerpt":{"rendered":"<p>Heute findet der 35. Klevische Klaviersommer statt Seit 1989 findet jedes Jahr an den letzten beiden Sonntagen im Juli und &hellip; <a href=\"https:\/\/www.kle-blatt.de\/blog\/kultur\/klever-musik-und-diskoszene\/heute-findet-der-35-klevische-klaviersommer-statt.html\" class=\"more-link\"><span class=\"more-button\">Weiterlesen<span class=\"screen-reader-text\">Heute findet der 35. Klevische Klaviersommer statt<\/span><\/span><\/a><\/p>\n","protected":false},"author":2,"featured_media":35504,"comment_status":"closed","ping_status":"closed","sticky":false,"template":"","format":"standard","meta":{"footnotes":""},"categories":[5279],"tags":[6360],"class_list":["post-35503","post","type-post","status-publish","format-standard","has-post-thumbnail","hentry","category-klever-musik-und-diskoszene","tag-heute-findet-der-35-klevische-klaviersommer-statt"],"_links":{"self":[{"href":"https:\/\/www.kle-blatt.de\/blog\/wp-json\/wp\/v2\/posts\/35503","targetHints":{"allow":["GET"]}}],"collection":[{"href":"https:\/\/www.kle-blatt.de\/blog\/wp-json\/wp\/v2\/posts"}],"about":[{"href":"https:\/\/www.kle-blatt.de\/blog\/wp-json\/wp\/v2\/types\/post"}],"author":[{"embeddable":true,"href":"https:\/\/www.kle-blatt.de\/blog\/wp-json\/wp\/v2\/users\/2"}],"replies":[{"embeddable":true,"href":"https:\/\/www.kle-blatt.de\/blog\/wp-json\/wp\/v2\/comments?post=35503"}],"version-history":[{"count":1,"href":"https:\/\/www.kle-blatt.de\/blog\/wp-json\/wp\/v2\/posts\/35503\/revisions"}],"predecessor-version":[{"id":35505,"href":"https:\/\/www.kle-blatt.de\/blog\/wp-json\/wp\/v2\/posts\/35503\/revisions\/35505"}],"wp:featuredmedia":[{"embeddable":true,"href":"https:\/\/www.kle-blatt.de\/blog\/wp-json\/wp\/v2\/media\/35504"}],"wp:attachment":[{"href":"https:\/\/www.kle-blatt.de\/blog\/wp-json\/wp\/v2\/media?parent=35503"}],"wp:term":[{"taxonomy":"category","embeddable":true,"href":"https:\/\/www.kle-blatt.de\/blog\/wp-json\/wp\/v2\/categories?post=35503"},{"taxonomy":"post_tag","embeddable":true,"href":"https:\/\/www.kle-blatt.de\/blog\/wp-json\/wp\/v2\/tags?post=35503"}],"curies":[{"name":"wp","href":"https:\/\/api.w.org\/{rel}","templated":true}]}}