{"id":35506,"date":"2025-08-07T06:45:21","date_gmt":"2025-08-07T04:45:21","guid":{"rendered":"https:\/\/www.kle-blatt.de\/blog\/?p=35506"},"modified":"2025-07-03T10:55:00","modified_gmt":"2025-07-03T08:55:00","slug":"morgen-startet-das-spoyschicht-after-work-weinfest","status":"publish","type":"post","link":"https:\/\/www.kle-blatt.de\/blog\/allgemein\/morgen-startet-das-spoyschicht-after-work-weinfest.html","title":{"rendered":"Morgen startet das Spoyschicht &#8211; After Work Weinfest"},"content":{"rendered":"<p><strong>Morgen startet das Spoyschicht &#8211; After Work Weinfest<\/strong><\/p>\n<p>Eine Premiere feiert am 8. August die &#8222;Spoyschicht&#8220; &#8211; das After-Work-Weinfest. Hier k\u00f6nnen Besucher in gem\u00fctlicher Runde mit Kollegen, Freunden oder Familie herzhafte oder s\u00fc\u00dfe Leckereien und k\u00fchle Getr\u00e4nke genie\u00dfen. Und wie l\u00e4sst sich der Feierabend besser verbringen, als mit einem Gl\u00e4schen Wein direkt am Spoykanal? Au\u00dferdem sorgen unterschiedliche Musiker f\u00fcr eine heitere und stimmungsvolle Atmosph\u00e4re und ein buntes Angebot an Marktst\u00e4nden l\u00e4dt zum Bummeln ein.<br \/>\nKostenfrei von 16:00 bis 22:00 Uhr auf dem Vorplatz der Stadthalle am Spoykanal 47533 Kleve<\/p>\n<p><a href=\"https:\/\/www.kle-blatt.de\/blog\/wp-content\/uploads\/2025\/05\/spoyschicht.jpg\"><img loading=\"lazy\" decoding=\"async\" class=\"aligncenter size-full wp-image-35507\" src=\"https:\/\/www.kle-blatt.de\/blog\/wp-content\/uploads\/2025\/05\/spoyschicht.jpg\" alt=\"Morgen startet das Spoyschicht - After Work Weinfest\" width=\"850\" height=\"611\" srcset=\"https:\/\/www.kle-blatt.de\/blog\/wp-content\/uploads\/2025\/05\/spoyschicht.jpg?v=1748422165 850w, https:\/\/www.kle-blatt.de\/blog\/wp-content\/uploads\/2025\/05\/spoyschicht-300x216.jpg?v=1748422165 300w, https:\/\/www.kle-blatt.de\/blog\/wp-content\/uploads\/2025\/05\/spoyschicht-768x552.jpg?v=1748422165 768w\" sizes=\"auto, (max-width: 850px) 100vw, 850px\" \/><\/a><br \/>\n(Bild: Stadt Kleve)<\/p>\n","protected":false},"excerpt":{"rendered":"<p>Morgen startet das Spoyschicht &#8211; After Work Weinfest Eine Premiere feiert am 8. August die &#8222;Spoyschicht&#8220; &#8211; das After-Work-Weinfest. Hier &hellip; <a href=\"https:\/\/www.kle-blatt.de\/blog\/allgemein\/morgen-startet-das-spoyschicht-after-work-weinfest.html\" class=\"more-link\"><span class=\"more-button\">Weiterlesen<span class=\"screen-reader-text\">Morgen startet das Spoyschicht &#8211; After Work Weinfest<\/span><\/span><\/a><\/p>\n","protected":false},"author":2,"featured_media":35507,"comment_status":"closed","ping_status":"closed","sticky":false,"template":"","format":"standard","meta":{"footnotes":""},"categories":[1],"tags":[6361],"class_list":["post-35506","post","type-post","status-publish","format-standard","has-post-thumbnail","hentry","category-allgemein","tag-morgen-startet-das-spoyschicht-after-work-weinfest"],"_links":{"self":[{"href":"https:\/\/www.kle-blatt.de\/blog\/wp-json\/wp\/v2\/posts\/35506","targetHints":{"allow":["GET"]}}],"collection":[{"href":"https:\/\/www.kle-blatt.de\/blog\/wp-json\/wp\/v2\/posts"}],"about":[{"href":"https:\/\/www.kle-blatt.de\/blog\/wp-json\/wp\/v2\/types\/post"}],"author":[{"embeddable":true,"href":"https:\/\/www.kle-blatt.de\/blog\/wp-json\/wp\/v2\/users\/2"}],"replies":[{"embeddable":true,"href":"https:\/\/www.kle-blatt.de\/blog\/wp-json\/wp\/v2\/comments?post=35506"}],"version-history":[{"count":1,"href":"https:\/\/www.kle-blatt.de\/blog\/wp-json\/wp\/v2\/posts\/35506\/revisions"}],"predecessor-version":[{"id":35508,"href":"https:\/\/www.kle-blatt.de\/blog\/wp-json\/wp\/v2\/posts\/35506\/revisions\/35508"}],"wp:featuredmedia":[{"embeddable":true,"href":"https:\/\/www.kle-blatt.de\/blog\/wp-json\/wp\/v2\/media\/35507"}],"wp:attachment":[{"href":"https:\/\/www.kle-blatt.de\/blog\/wp-json\/wp\/v2\/media?parent=35506"}],"wp:term":[{"taxonomy":"category","embeddable":true,"href":"https:\/\/www.kle-blatt.de\/blog\/wp-json\/wp\/v2\/categories?post=35506"},{"taxonomy":"post_tag","embeddable":true,"href":"https:\/\/www.kle-blatt.de\/blog\/wp-json\/wp\/v2\/tags?post=35506"}],"curies":[{"name":"wp","href":"https:\/\/api.w.org\/{rel}","templated":true}]}}