{"id":35651,"date":"2025-10-11T07:54:20","date_gmt":"2025-10-11T05:54:20","guid":{"rendered":"https:\/\/www.kle-blatt.de\/blog\/?p=35651"},"modified":"2025-08-19T10:55:00","modified_gmt":"2025-08-19T08:55:00","slug":"gekannt-verkehrspavillon-bahnhofsvorplatz-kleve","status":"publish","type":"post","link":"https:\/\/www.kle-blatt.de\/blog\/kleve-in-foto-video\/gekannt-verkehrspavillon-bahnhofsvorplatz-kleve.html","title":{"rendered":"Gekannt? Verkehrspavillon Bahnhofsvorplatz Kleve"},"content":{"rendered":"<p><strong>Gekannt? Verkehrspavillon Bahnhofsvorplatz Kleve<\/strong><\/p>\n<p>Noch in den Sechzigern sah es am Bahnhof g\u00e4nzlich anders aus als aktuell. Neben dem hier zu sehenden Verkehrspavillon von R\u00f6hrig gab es noch andere St\u00e4nde und Gesch\u00e4fte. Wer erinnert sich denn noch daran?<\/p>\n<p><a href=\"https:\/\/www.kle-blatt.de\/blog\/wp-content\/uploads\/2025\/08\/verkehrspavillon.jpg\"><img loading=\"lazy\" decoding=\"async\" class=\"aligncenter size-full wp-image-35652\" src=\"https:\/\/www.kle-blatt.de\/blog\/wp-content\/uploads\/2025\/08\/verkehrspavillon.jpg\" alt=\"Gekannt? Verkehrspavillon Bahnhofsvorplatz Kleve\" width=\"850\" height=\"506\" \/><\/a><\/p>\n","protected":false},"excerpt":{"rendered":"<p>Gekannt? Verkehrspavillon Bahnhofsvorplatz Kleve Noch in den Sechzigern sah es am Bahnhof g\u00e4nzlich anders aus als aktuell. Neben dem hier &hellip; <a href=\"https:\/\/www.kle-blatt.de\/blog\/kleve-in-foto-video\/gekannt-verkehrspavillon-bahnhofsvorplatz-kleve.html\" class=\"more-link\"><span class=\"more-button\">Weiterlesen<span class=\"screen-reader-text\">Gekannt? Verkehrspavillon Bahnhofsvorplatz Kleve<\/span><\/span><\/a><\/p>\n","protected":false},"author":2,"featured_media":35652,"comment_status":"closed","ping_status":"closed","sticky":false,"template":"","format":"standard","meta":{"footnotes":""},"categories":[3],"tags":[6377],"class_list":["post-35651","post","type-post","status-publish","format-standard","has-post-thumbnail","hentry","category-kleve-in-foto-video","tag-gekannt-verkehrspavillon-bahnhofsvorplatz-kleve"],"_links":{"self":[{"href":"https:\/\/www.kle-blatt.de\/blog\/wp-json\/wp\/v2\/posts\/35651","targetHints":{"allow":["GET"]}}],"collection":[{"href":"https:\/\/www.kle-blatt.de\/blog\/wp-json\/wp\/v2\/posts"}],"about":[{"href":"https:\/\/www.kle-blatt.de\/blog\/wp-json\/wp\/v2\/types\/post"}],"author":[{"embeddable":true,"href":"https:\/\/www.kle-blatt.de\/blog\/wp-json\/wp\/v2\/users\/2"}],"replies":[{"embeddable":true,"href":"https:\/\/www.kle-blatt.de\/blog\/wp-json\/wp\/v2\/comments?post=35651"}],"version-history":[{"count":1,"href":"https:\/\/www.kle-blatt.de\/blog\/wp-json\/wp\/v2\/posts\/35651\/revisions"}],"predecessor-version":[{"id":35653,"href":"https:\/\/www.kle-blatt.de\/blog\/wp-json\/wp\/v2\/posts\/35651\/revisions\/35653"}],"wp:featuredmedia":[{"embeddable":true,"href":"https:\/\/www.kle-blatt.de\/blog\/wp-json\/wp\/v2\/media\/35652"}],"wp:attachment":[{"href":"https:\/\/www.kle-blatt.de\/blog\/wp-json\/wp\/v2\/media?parent=35651"}],"wp:term":[{"taxonomy":"category","embeddable":true,"href":"https:\/\/www.kle-blatt.de\/blog\/wp-json\/wp\/v2\/categories?post=35651"},{"taxonomy":"post_tag","embeddable":true,"href":"https:\/\/www.kle-blatt.de\/blog\/wp-json\/wp\/v2\/tags?post=35651"}],"curies":[{"name":"wp","href":"https:\/\/api.w.org\/{rel}","templated":true}]}}