{"id":35675,"date":"2025-10-27T05:55:23","date_gmt":"2025-10-27T03:55:23","guid":{"rendered":"https:\/\/www.kle-blatt.de\/blog\/?p=35675"},"modified":"2025-08-18T10:55:52","modified_gmt":"2025-08-18T08:55:52","slug":"als-es-noch-flamingos-im-forstgarten-gab","status":"publish","type":"post","link":"https:\/\/www.kle-blatt.de\/blog\/kleve-in-foto-video\/aus-dem-privatalbum\/als-es-noch-flamingos-im-forstgarten-gab.html","title":{"rendered":"Als es noch Flamingos im Forstgarten gab"},"content":{"rendered":"<p><strong>Als es noch Flamingos im Forstgarten gab<\/strong><\/p>\n<p>Wer kann sich daran \u00fcberhaupt noch erinnern? Nun &#8211; es gab tats\u00e4chlich mal Flamingos im Klever Forstgarten, wie man hier sehen kann. Und sie waren nicht mal eingez\u00e4unt. Das m\u00fcssen Zeiten gewesen sein.<\/p>\n<p><a href=\"https:\/\/www.kle-blatt.de\/blog\/wp-content\/uploads\/2025\/08\/flamingos-forstgarten-wolfgang-liss.jpg\"><img loading=\"lazy\" decoding=\"async\" class=\"aligncenter size-full wp-image-35676\" src=\"https:\/\/www.kle-blatt.de\/blog\/wp-content\/uploads\/2025\/08\/flamingos-forstgarten-wolfgang-liss.jpg\" alt=\"Als es noch Flamingos im Forstgarten gab\" width=\"850\" height=\"554\" srcset=\"https:\/\/www.kle-blatt.de\/blog\/wp-content\/uploads\/2025\/08\/flamingos-forstgarten-wolfgang-liss.jpg?v=1754306176 850w, https:\/\/www.kle-blatt.de\/blog\/wp-content\/uploads\/2025\/08\/flamingos-forstgarten-wolfgang-liss-300x196.jpg?v=1754306176 300w, https:\/\/www.kle-blatt.de\/blog\/wp-content\/uploads\/2025\/08\/flamingos-forstgarten-wolfgang-liss-768x501.jpg?v=1754306176 768w\" sizes=\"auto, (max-width: 850px) 100vw, 850px\" \/><\/a><br \/>\n(Bild gezeigt von Wolfgang Liss)<\/p>\n","protected":false},"excerpt":{"rendered":"<p>Als es noch Flamingos im Forstgarten gab Wer kann sich daran \u00fcberhaupt noch erinnern? Nun &#8211; es gab tats\u00e4chlich mal &hellip; <a href=\"https:\/\/www.kle-blatt.de\/blog\/kleve-in-foto-video\/aus-dem-privatalbum\/als-es-noch-flamingos-im-forstgarten-gab.html\" class=\"more-link\"><span class=\"more-button\">Weiterlesen<span class=\"screen-reader-text\">Als es noch Flamingos im Forstgarten gab<\/span><\/span><\/a><\/p>\n","protected":false},"author":2,"featured_media":35676,"comment_status":"closed","ping_status":"closed","sticky":false,"template":"","format":"standard","meta":{"footnotes":""},"categories":[20],"tags":[6385],"class_list":["post-35675","post","type-post","status-publish","format-standard","has-post-thumbnail","hentry","category-aus-dem-privatalbum","tag-als-es-noch-flamingos-im-forstgarten-gab"],"_links":{"self":[{"href":"https:\/\/www.kle-blatt.de\/blog\/wp-json\/wp\/v2\/posts\/35675","targetHints":{"allow":["GET"]}}],"collection":[{"href":"https:\/\/www.kle-blatt.de\/blog\/wp-json\/wp\/v2\/posts"}],"about":[{"href":"https:\/\/www.kle-blatt.de\/blog\/wp-json\/wp\/v2\/types\/post"}],"author":[{"embeddable":true,"href":"https:\/\/www.kle-blatt.de\/blog\/wp-json\/wp\/v2\/users\/2"}],"replies":[{"embeddable":true,"href":"https:\/\/www.kle-blatt.de\/blog\/wp-json\/wp\/v2\/comments?post=35675"}],"version-history":[{"count":1,"href":"https:\/\/www.kle-blatt.de\/blog\/wp-json\/wp\/v2\/posts\/35675\/revisions"}],"predecessor-version":[{"id":35677,"href":"https:\/\/www.kle-blatt.de\/blog\/wp-json\/wp\/v2\/posts\/35675\/revisions\/35677"}],"wp:featuredmedia":[{"embeddable":true,"href":"https:\/\/www.kle-blatt.de\/blog\/wp-json\/wp\/v2\/media\/35676"}],"wp:attachment":[{"href":"https:\/\/www.kle-blatt.de\/blog\/wp-json\/wp\/v2\/media?parent=35675"}],"wp:term":[{"taxonomy":"category","embeddable":true,"href":"https:\/\/www.kle-blatt.de\/blog\/wp-json\/wp\/v2\/categories?post=35675"},{"taxonomy":"post_tag","embeddable":true,"href":"https:\/\/www.kle-blatt.de\/blog\/wp-json\/wp\/v2\/tags?post=35675"}],"curies":[{"name":"wp","href":"https:\/\/api.w.org\/{rel}","templated":true}]}}