{"id":35721,"date":"2025-10-13T06:47:51","date_gmt":"2025-10-13T04:47:51","guid":{"rendered":"https:\/\/www.kle-blatt.de\/blog\/?p=35721"},"modified":"2025-08-18T10:48:26","modified_gmt":"2025-08-18T08:48:26","slug":"hier-wird-gerade-der-klever-ring-gebaut","status":"publish","type":"post","link":"https:\/\/www.kle-blatt.de\/blog\/kleve-in-foto-video\/aus-dem-privatalbum\/hier-wird-gerade-der-klever-ring-gebaut.html","title":{"rendered":"Hier wird gerade der Klever Ring gebaut"},"content":{"rendered":"<p><strong>Hier wird gerade der Klever Ring gebaut<\/strong><\/p>\n<p>Noch ist nicht viel davon zu sehen, aber wir sind auch im Jahre 1977, als die Arbeiten daran gerade begonnen hatten. Sp\u00e4ter sah es sch\u00f6ner aus und hat sich ja bis heute gehalten und bew\u00e4hrt.<\/p>\n<p><a href=\"https:\/\/www.kle-blatt.de\/blog\/wp-content\/uploads\/2025\/08\/Baustelle-Klever-Ring-77-n-hemsen.jpg\"><img loading=\"lazy\" decoding=\"async\" class=\"aligncenter size-full wp-image-35722\" src=\"https:\/\/www.kle-blatt.de\/blog\/wp-content\/uploads\/2025\/08\/Baustelle-Klever-Ring-77-n-hemsen.jpg\" alt=\"Hier wird gerade der Klever Ring gebaut\" width=\"850\" height=\"614\" \/><\/a><br \/>\n(Foto: Norbert Hemsen)<\/p>\n","protected":false},"excerpt":{"rendered":"<p>Hier wird gerade der Klever Ring gebaut Noch ist nicht viel davon zu sehen, aber wir sind auch im Jahre &hellip; <a href=\"https:\/\/www.kle-blatt.de\/blog\/kleve-in-foto-video\/aus-dem-privatalbum\/hier-wird-gerade-der-klever-ring-gebaut.html\" class=\"more-link\"><span class=\"more-button\">Weiterlesen<span class=\"screen-reader-text\">Hier wird gerade der Klever Ring gebaut<\/span><\/span><\/a><\/p>\n","protected":false},"author":2,"featured_media":35722,"comment_status":"closed","ping_status":"closed","sticky":false,"template":"","format":"standard","meta":{"footnotes":""},"categories":[20],"tags":[6400],"class_list":["post-35721","post","type-post","status-publish","format-standard","has-post-thumbnail","hentry","category-aus-dem-privatalbum","tag-hier-wird-gerade-der-klever-ring-gebaut"],"_links":{"self":[{"href":"https:\/\/www.kle-blatt.de\/blog\/wp-json\/wp\/v2\/posts\/35721","targetHints":{"allow":["GET"]}}],"collection":[{"href":"https:\/\/www.kle-blatt.de\/blog\/wp-json\/wp\/v2\/posts"}],"about":[{"href":"https:\/\/www.kle-blatt.de\/blog\/wp-json\/wp\/v2\/types\/post"}],"author":[{"embeddable":true,"href":"https:\/\/www.kle-blatt.de\/blog\/wp-json\/wp\/v2\/users\/2"}],"replies":[{"embeddable":true,"href":"https:\/\/www.kle-blatt.de\/blog\/wp-json\/wp\/v2\/comments?post=35721"}],"version-history":[{"count":1,"href":"https:\/\/www.kle-blatt.de\/blog\/wp-json\/wp\/v2\/posts\/35721\/revisions"}],"predecessor-version":[{"id":35723,"href":"https:\/\/www.kle-blatt.de\/blog\/wp-json\/wp\/v2\/posts\/35721\/revisions\/35723"}],"wp:featuredmedia":[{"embeddable":true,"href":"https:\/\/www.kle-blatt.de\/blog\/wp-json\/wp\/v2\/media\/35722"}],"wp:attachment":[{"href":"https:\/\/www.kle-blatt.de\/blog\/wp-json\/wp\/v2\/media?parent=35721"}],"wp:term":[{"taxonomy":"category","embeddable":true,"href":"https:\/\/www.kle-blatt.de\/blog\/wp-json\/wp\/v2\/categories?post=35721"},{"taxonomy":"post_tag","embeddable":true,"href":"https:\/\/www.kle-blatt.de\/blog\/wp-json\/wp\/v2\/tags?post=35721"}],"curies":[{"name":"wp","href":"https:\/\/api.w.org\/{rel}","templated":true}]}}