{"id":35744,"date":"2025-10-01T06:42:46","date_gmt":"2025-10-01T04:42:46","guid":{"rendered":"https:\/\/www.kle-blatt.de\/blog\/?p=35744"},"modified":"2025-08-18T10:43:45","modified_gmt":"2025-08-18T08:43:45","slug":"schuhhaus-verfondern-vor-75-jahren","status":"publish","type":"post","link":"https:\/\/www.kle-blatt.de\/blog\/kleve-in-foto-video\/aus-dem-privatalbum\/schuhhaus-verfondern-vor-75-jahren.html","title":{"rendered":"Schuhhaus Verfondern vor 75 Jahren"},"content":{"rendered":"<p><strong>Schuhhaus Verfondern vor 75 Jahren<\/strong><\/p>\n<p>Ein Bild von 1950 zeigt das bekannte traditionelle Schuhhaus auf der Kavariner Strasse. Hier dreht sich alles um die Gesundheit der F\u00fcsse und die Kunden sch\u00e4tzen seit jeher die qualifizierte Beratung und Betreuung. Wer sich dazu einmal n\u00e4her informieren m\u00f6chte, dr\u00fcckt einfach hierauf:<\/p>\n<p><a href=\"https:\/\/www.verfondern-schuhe.de\/\">KLICK MICH<\/a><\/p>\n<p><a href=\"https:\/\/www.kle-blatt.de\/blog\/wp-content\/uploads\/2025\/08\/verfondern-um-1950-sven-verfondern.jpg\"><img loading=\"lazy\" decoding=\"async\" class=\"aligncenter size-full wp-image-35745\" src=\"https:\/\/www.kle-blatt.de\/blog\/wp-content\/uploads\/2025\/08\/verfondern-um-1950-sven-verfondern.jpg\" alt=\"Schuhhaus Verfondern vor 75 Jahren\" width=\"850\" height=\"1125\" srcset=\"https:\/\/www.kle-blatt.de\/blog\/wp-content\/uploads\/2025\/08\/verfondern-um-1950-sven-verfondern.jpg?v=1754481921 850w, https:\/\/www.kle-blatt.de\/blog\/wp-content\/uploads\/2025\/08\/verfondern-um-1950-sven-verfondern-227x300.jpg?v=1754481921 227w, https:\/\/www.kle-blatt.de\/blog\/wp-content\/uploads\/2025\/08\/verfondern-um-1950-sven-verfondern-774x1024.jpg?v=1754481921 774w, https:\/\/www.kle-blatt.de\/blog\/wp-content\/uploads\/2025\/08\/verfondern-um-1950-sven-verfondern-768x1016.jpg?v=1754481921 768w\" sizes=\"auto, (max-width: 850px) 100vw, 850px\" \/><\/a><br \/>\n(Foto: Sven Verfondern)<\/p>\n","protected":false},"excerpt":{"rendered":"<p>Schuhhaus Verfondern vor 75 Jahren Ein Bild von 1950 zeigt das bekannte traditionelle Schuhhaus auf der Kavariner Strasse. Hier dreht &hellip; <a href=\"https:\/\/www.kle-blatt.de\/blog\/kleve-in-foto-video\/aus-dem-privatalbum\/schuhhaus-verfondern-vor-75-jahren.html\" class=\"more-link\"><span class=\"more-button\">Weiterlesen<span class=\"screen-reader-text\">Schuhhaus Verfondern vor 75 Jahren<\/span><\/span><\/a><\/p>\n","protected":false},"author":2,"featured_media":35745,"comment_status":"closed","ping_status":"closed","sticky":false,"template":"","format":"standard","meta":{"footnotes":""},"categories":[20],"tags":[6406],"class_list":["post-35744","post","type-post","status-publish","format-standard","has-post-thumbnail","hentry","category-aus-dem-privatalbum","tag-schuhhaus-verfondern-vor-75-jahren"],"_links":{"self":[{"href":"https:\/\/www.kle-blatt.de\/blog\/wp-json\/wp\/v2\/posts\/35744","targetHints":{"allow":["GET"]}}],"collection":[{"href":"https:\/\/www.kle-blatt.de\/blog\/wp-json\/wp\/v2\/posts"}],"about":[{"href":"https:\/\/www.kle-blatt.de\/blog\/wp-json\/wp\/v2\/types\/post"}],"author":[{"embeddable":true,"href":"https:\/\/www.kle-blatt.de\/blog\/wp-json\/wp\/v2\/users\/2"}],"replies":[{"embeddable":true,"href":"https:\/\/www.kle-blatt.de\/blog\/wp-json\/wp\/v2\/comments?post=35744"}],"version-history":[{"count":1,"href":"https:\/\/www.kle-blatt.de\/blog\/wp-json\/wp\/v2\/posts\/35744\/revisions"}],"predecessor-version":[{"id":35746,"href":"https:\/\/www.kle-blatt.de\/blog\/wp-json\/wp\/v2\/posts\/35744\/revisions\/35746"}],"wp:featuredmedia":[{"embeddable":true,"href":"https:\/\/www.kle-blatt.de\/blog\/wp-json\/wp\/v2\/media\/35745"}],"wp:attachment":[{"href":"https:\/\/www.kle-blatt.de\/blog\/wp-json\/wp\/v2\/media?parent=35744"}],"wp:term":[{"taxonomy":"category","embeddable":true,"href":"https:\/\/www.kle-blatt.de\/blog\/wp-json\/wp\/v2\/categories?post=35744"},{"taxonomy":"post_tag","embeddable":true,"href":"https:\/\/www.kle-blatt.de\/blog\/wp-json\/wp\/v2\/tags?post=35744"}],"curies":[{"name":"wp","href":"https:\/\/api.w.org\/{rel}","templated":true}]}}