{"id":35802,"date":"2025-11-19T07:23:29","date_gmt":"2025-11-19T05:23:29","guid":{"rendered":"https:\/\/www.kle-blatt.de\/blog\/?p=35802"},"modified":"2025-11-17T12:59:12","modified_gmt":"2025-11-17T10:59:12","slug":"feierst-du-auch-den-internationalen-maennertag","status":"publish","type":"post","link":"https:\/\/www.kle-blatt.de\/blog\/allgemein\/feierst-du-auch-den-internationalen-maennertag.html","title":{"rendered":"Feierst Du auch den Internationalen M\u00e4nnertag?"},"content":{"rendered":"<p><strong>Feierst Du auch den Internationalen M\u00e4nnertag?<\/strong><\/p>\n<p>Die M\u00e4nner der Welt feiern sich selbst mit dem Internationalen M\u00e4nnertag, der am 19. November 2025 stattfindet. Eingef\u00fchrt wurde der Aktionstag 1999 in Trinidad und Tobago als International Men\u2019s Day. Die Ziele des Tages sind vor allem die Fokussierung auf die Gesundheit von Jungen und M\u00e4nnern, die F\u00f6rderung der Gleichberechtigung zwischen M\u00e4nnern und Frauen sowie die Hervorhebung m\u00e4nnlicher Vorbilder. Eventuelle Benachteiligungen des m\u00e4nnlichen Geschlechts sollen aufgezeigt und der Einsatz der M\u00e4nner im sozialen Leben soll gew\u00fcrdigt werden.<br \/>\nDieser Text wurde von www.kleiner-kalender.de entnommen.<\/p>\n<p><a href=\"https:\/\/www.kle-blatt.de\/blog\/wp-content\/uploads\/2025\/09\/internationaler-maennertag-19-11.jpg\"><img loading=\"lazy\" decoding=\"async\" class=\"aligncenter size-full wp-image-35803\" src=\"https:\/\/www.kle-blatt.de\/blog\/wp-content\/uploads\/2025\/09\/internationaler-maennertag-19-11.jpg\" alt=\"Feierst Du auch den Internationalen M\u00e4nnertag?\" width=\"849\" height=\"477\" srcset=\"https:\/\/www.kle-blatt.de\/blog\/wp-content\/uploads\/2025\/09\/internationaler-maennertag-19-11.jpg?v=1757413425 849w, https:\/\/www.kle-blatt.de\/blog\/wp-content\/uploads\/2025\/09\/internationaler-maennertag-19-11-300x169.jpg?v=1757413425 300w, https:\/\/www.kle-blatt.de\/blog\/wp-content\/uploads\/2025\/09\/internationaler-maennertag-19-11-768x431.jpg?v=1757413425 768w, https:\/\/www.kle-blatt.de\/blog\/wp-content\/uploads\/2025\/09\/internationaler-maennertag-19-11-190x107.jpg?v=1757413425 190w\" sizes=\"auto, (max-width: 849px) 100vw, 849px\" \/><\/a><br \/>\n(Bild: KLE-Blatt + KI)<\/p>\n","protected":false},"excerpt":{"rendered":"<p>Feierst Du auch den Internationalen M\u00e4nnertag? Die M\u00e4nner der Welt feiern sich selbst mit dem Internationalen M\u00e4nnertag, der am 19. &hellip; <a href=\"https:\/\/www.kle-blatt.de\/blog\/allgemein\/feierst-du-auch-den-internationalen-maennertag.html\" class=\"more-link\"><span class=\"more-button\">Weiterlesen<span class=\"screen-reader-text\">Feierst Du auch den Internationalen M\u00e4nnertag?<\/span><\/span><\/a><\/p>\n","protected":false},"author":2,"featured_media":35803,"comment_status":"closed","ping_status":"closed","sticky":false,"template":"","format":"standard","meta":{"footnotes":""},"categories":[1],"tags":[6487],"class_list":["post-35802","post","type-post","status-publish","format-standard","has-post-thumbnail","hentry","category-allgemein","tag-feierst-du-auch-den-internationalen-maennertag"],"_links":{"self":[{"href":"https:\/\/www.kle-blatt.de\/blog\/wp-json\/wp\/v2\/posts\/35802","targetHints":{"allow":["GET"]}}],"collection":[{"href":"https:\/\/www.kle-blatt.de\/blog\/wp-json\/wp\/v2\/posts"}],"about":[{"href":"https:\/\/www.kle-blatt.de\/blog\/wp-json\/wp\/v2\/types\/post"}],"author":[{"embeddable":true,"href":"https:\/\/www.kle-blatt.de\/blog\/wp-json\/wp\/v2\/users\/2"}],"replies":[{"embeddable":true,"href":"https:\/\/www.kle-blatt.de\/blog\/wp-json\/wp\/v2\/comments?post=35802"}],"version-history":[{"count":1,"href":"https:\/\/www.kle-blatt.de\/blog\/wp-json\/wp\/v2\/posts\/35802\/revisions"}],"predecessor-version":[{"id":35804,"href":"https:\/\/www.kle-blatt.de\/blog\/wp-json\/wp\/v2\/posts\/35802\/revisions\/35804"}],"wp:featuredmedia":[{"embeddable":true,"href":"https:\/\/www.kle-blatt.de\/blog\/wp-json\/wp\/v2\/media\/35803"}],"wp:attachment":[{"href":"https:\/\/www.kle-blatt.de\/blog\/wp-json\/wp\/v2\/media?parent=35802"}],"wp:term":[{"taxonomy":"category","embeddable":true,"href":"https:\/\/www.kle-blatt.de\/blog\/wp-json\/wp\/v2\/categories?post=35802"},{"taxonomy":"post_tag","embeddable":true,"href":"https:\/\/www.kle-blatt.de\/blog\/wp-json\/wp\/v2\/tags?post=35802"}],"curies":[{"name":"wp","href":"https:\/\/api.w.org\/{rel}","templated":true}]}}