{"id":35994,"date":"2025-12-14T06:12:54","date_gmt":"2025-12-14T04:12:54","guid":{"rendered":"https:\/\/www.kle-blatt.de\/blog\/?p=35994"},"modified":"2025-10-22T13:13:30","modified_gmt":"2025-10-22T11:13:30","slug":"hast-du-bei-zylstra-auch-moebel-gekauft","status":"publish","type":"post","link":"https:\/\/www.kle-blatt.de\/blog\/kleve-in-foto-video\/hast-du-bei-zylstra-auch-moebel-gekauft.html","title":{"rendered":"Hast Du bei Zylstra auch M\u00f6bel gekauft?"},"content":{"rendered":"<p><strong>Hast Du bei Zylstra auch M\u00f6bel gekauft?<\/strong><\/p>\n<p>Wer nicht mehr wei\u00df, wo sich dieses M\u00f6belhaus befand, erkennt die Lage am Kirchturm der Vers\u00f6hnungskirche am linken Bildrand. Wir sehen den Beginn der Hoffmannallee. Im gleichen Geb\u00e4ude befindet sich aktuell ein gro\u00dfes Bettenhaus.<\/p>\n<p><a href=\"https:\/\/www.kle-blatt.de\/blog\/wp-content\/uploads\/2025\/10\/moebelhaus-d-biem.jpg\"><img loading=\"lazy\" decoding=\"async\" class=\"aligncenter size-full wp-image-35995\" src=\"https:\/\/www.kle-blatt.de\/blog\/wp-content\/uploads\/2025\/10\/moebelhaus-d-biem.jpg\" alt=\"Hast Du bei Zylstra auch M\u00f6bel gekauft?\" width=\"850\" height=\"610\" \/><\/a><br \/>\n(Bild gezeigt von Dorte Biem)<\/p>\n","protected":false},"excerpt":{"rendered":"<p>Hast Du bei Zylstra auch M\u00f6bel gekauft? Wer nicht mehr wei\u00df, wo sich dieses M\u00f6belhaus befand, erkennt die Lage am &hellip; <a href=\"https:\/\/www.kle-blatt.de\/blog\/kleve-in-foto-video\/hast-du-bei-zylstra-auch-moebel-gekauft.html\" class=\"more-link\"><span class=\"more-button\">Weiterlesen<span class=\"screen-reader-text\">Hast Du bei Zylstra auch M\u00f6bel gekauft?<\/span><\/span><\/a><\/p>\n","protected":false},"author":2,"featured_media":35995,"comment_status":"closed","ping_status":"closed","sticky":false,"template":"","format":"standard","meta":{"footnotes":""},"categories":[3],"tags":[6446],"class_list":["post-35994","post","type-post","status-publish","format-standard","has-post-thumbnail","hentry","category-kleve-in-foto-video","tag-hast-du-bei-zylstra-auch-moebel-gekauft"],"_links":{"self":[{"href":"https:\/\/www.kle-blatt.de\/blog\/wp-json\/wp\/v2\/posts\/35994","targetHints":{"allow":["GET"]}}],"collection":[{"href":"https:\/\/www.kle-blatt.de\/blog\/wp-json\/wp\/v2\/posts"}],"about":[{"href":"https:\/\/www.kle-blatt.de\/blog\/wp-json\/wp\/v2\/types\/post"}],"author":[{"embeddable":true,"href":"https:\/\/www.kle-blatt.de\/blog\/wp-json\/wp\/v2\/users\/2"}],"replies":[{"embeddable":true,"href":"https:\/\/www.kle-blatt.de\/blog\/wp-json\/wp\/v2\/comments?post=35994"}],"version-history":[{"count":1,"href":"https:\/\/www.kle-blatt.de\/blog\/wp-json\/wp\/v2\/posts\/35994\/revisions"}],"predecessor-version":[{"id":35996,"href":"https:\/\/www.kle-blatt.de\/blog\/wp-json\/wp\/v2\/posts\/35994\/revisions\/35996"}],"wp:featuredmedia":[{"embeddable":true,"href":"https:\/\/www.kle-blatt.de\/blog\/wp-json\/wp\/v2\/media\/35995"}],"wp:attachment":[{"href":"https:\/\/www.kle-blatt.de\/blog\/wp-json\/wp\/v2\/media?parent=35994"}],"wp:term":[{"taxonomy":"category","embeddable":true,"href":"https:\/\/www.kle-blatt.de\/blog\/wp-json\/wp\/v2\/categories?post=35994"},{"taxonomy":"post_tag","embeddable":true,"href":"https:\/\/www.kle-blatt.de\/blog\/wp-json\/wp\/v2\/tags?post=35994"}],"curies":[{"name":"wp","href":"https:\/\/api.w.org\/{rel}","templated":true}]}}