{"id":36042,"date":"2025-12-19T05:43:22","date_gmt":"2025-12-19T03:43:22","guid":{"rendered":"https:\/\/www.kle-blatt.de\/blog\/?p=36042"},"modified":"2025-10-22T13:43:54","modified_gmt":"2025-10-22T11:43:54","slug":"der-begehbare-rhein-im-winterfrost","status":"publish","type":"post","link":"https:\/\/www.kle-blatt.de\/blog\/kleve-in-foto-video\/aus-dem-privatalbum\/der-begehbare-rhein-im-winterfrost.html","title":{"rendered":"Der begehbare Rhein im Winterfrost"},"content":{"rendered":"<p><strong>Der begehbare Rhein im Winterfrost<\/strong><\/p>\n<p>Ob es jemals noch soweit kommt, dass man von Warbeyen \u00fcber den zugefrorenen Rhein nach Emmerich laufen kann? Nun &#8211; vor \u00fcber 120 Jahren war das, wie man auf diesem Bild bewundern kann, durchaus m\u00f6glich. Da konnte man noch ohne Angst die eiskalte Wasseroberfl\u00e4che betreten und sich durch die Eisschollen k\u00e4mpfen.<\/p>\n<p><a href=\"https:\/\/www.kle-blatt.de\/blog\/wp-content\/uploads\/2025\/10\/rhein-vor-45-heinz-goertz.jpg\"><img loading=\"lazy\" decoding=\"async\" class=\"aligncenter size-full wp-image-36043\" src=\"https:\/\/www.kle-blatt.de\/blog\/wp-content\/uploads\/2025\/10\/rhein-vor-45-heinz-goertz.jpg\" alt=\"Der begehbare Rhein im Winterfrost\" width=\"850\" height=\"478\" srcset=\"https:\/\/www.kle-blatt.de\/blog\/wp-content\/uploads\/2025\/10\/rhein-vor-45-heinz-goertz.jpg?v=1761127039 850w, https:\/\/www.kle-blatt.de\/blog\/wp-content\/uploads\/2025\/10\/rhein-vor-45-heinz-goertz-300x169.jpg?v=1761127039 300w, https:\/\/www.kle-blatt.de\/blog\/wp-content\/uploads\/2025\/10\/rhein-vor-45-heinz-goertz-768x432.jpg?v=1761127039 768w, https:\/\/www.kle-blatt.de\/blog\/wp-content\/uploads\/2025\/10\/rhein-vor-45-heinz-goertz-190x107.jpg?v=1761127039 190w\" sizes=\"auto, (max-width: 850px) 100vw, 850px\" \/><\/a><br \/>\n(Bild gezeigt von Heinz Goertz)<\/p>\n","protected":false},"excerpt":{"rendered":"<p>Der begehbare Rhein im Winterfrost Ob es jemals noch soweit kommt, dass man von Warbeyen \u00fcber den zugefrorenen Rhein nach &hellip; <a href=\"https:\/\/www.kle-blatt.de\/blog\/kleve-in-foto-video\/aus-dem-privatalbum\/der-begehbare-rhein-im-winterfrost.html\" class=\"more-link\"><span class=\"more-button\">Weiterlesen<span class=\"screen-reader-text\">Der begehbare Rhein im Winterfrost<\/span><\/span><\/a><\/p>\n","protected":false},"author":2,"featured_media":36043,"comment_status":"closed","ping_status":"closed","sticky":false,"template":"","format":"standard","meta":{"footnotes":""},"categories":[20],"tags":[6461],"class_list":["post-36042","post","type-post","status-publish","format-standard","has-post-thumbnail","hentry","category-aus-dem-privatalbum","tag-der-begehbare-rhein-im-winterfrost"],"_links":{"self":[{"href":"https:\/\/www.kle-blatt.de\/blog\/wp-json\/wp\/v2\/posts\/36042","targetHints":{"allow":["GET"]}}],"collection":[{"href":"https:\/\/www.kle-blatt.de\/blog\/wp-json\/wp\/v2\/posts"}],"about":[{"href":"https:\/\/www.kle-blatt.de\/blog\/wp-json\/wp\/v2\/types\/post"}],"author":[{"embeddable":true,"href":"https:\/\/www.kle-blatt.de\/blog\/wp-json\/wp\/v2\/users\/2"}],"replies":[{"embeddable":true,"href":"https:\/\/www.kle-blatt.de\/blog\/wp-json\/wp\/v2\/comments?post=36042"}],"version-history":[{"count":1,"href":"https:\/\/www.kle-blatt.de\/blog\/wp-json\/wp\/v2\/posts\/36042\/revisions"}],"predecessor-version":[{"id":36044,"href":"https:\/\/www.kle-blatt.de\/blog\/wp-json\/wp\/v2\/posts\/36042\/revisions\/36044"}],"wp:featuredmedia":[{"embeddable":true,"href":"https:\/\/www.kle-blatt.de\/blog\/wp-json\/wp\/v2\/media\/36043"}],"wp:attachment":[{"href":"https:\/\/www.kle-blatt.de\/blog\/wp-json\/wp\/v2\/media?parent=36042"}],"wp:term":[{"taxonomy":"category","embeddable":true,"href":"https:\/\/www.kle-blatt.de\/blog\/wp-json\/wp\/v2\/categories?post=36042"},{"taxonomy":"post_tag","embeddable":true,"href":"https:\/\/www.kle-blatt.de\/blog\/wp-json\/wp\/v2\/tags?post=36042"}],"curies":[{"name":"wp","href":"https:\/\/api.w.org\/{rel}","templated":true}]}}