{"id":36173,"date":"2026-01-05T06:00:14","date_gmt":"2026-01-05T04:00:14","guid":{"rendered":"https:\/\/www.kle-blatt.de\/blog\/?p=36173"},"modified":"2025-11-26T12:57:57","modified_gmt":"2025-11-26T10:57:57","slug":"die-seltsame-spitze-der-schwanenburg","status":"publish","type":"post","link":"https:\/\/www.kle-blatt.de\/blog\/kleve-in-foto-video\/die-schwanenburg-im-wandel-der-zeit\/die-seltsame-spitze-der-schwanenburg.html","title":{"rendered":"Die seltsame Spitze der Schwanenburg"},"content":{"rendered":"<p><strong>Die seltsame Spitze der Schwanenburg<\/strong><\/p>\n<p>Einen ungew\u00f6hnlichen Anblick bietet hier der Schwanenturm, den man nur identifizieren kann, weil rechts daneben der unverwechselbare Spiegelturm zu sehen ist. Entweder handelte es sich um den bereits erstellten Dachstuhl f\u00fcr den Wiederaufbau Anfang der F\u00fcnfziger Jahre oder ein Provisorium. Wer weiss N\u00e4heres?<\/p>\n<p><a href=\"https:\/\/www.kle-blatt.de\/blog\/wp-content\/uploads\/2025\/11\/schwanenburg-getlinger.jpg\"><img loading=\"lazy\" decoding=\"async\" class=\"aligncenter size-full wp-image-36174\" src=\"https:\/\/www.kle-blatt.de\/blog\/wp-content\/uploads\/2025\/11\/schwanenburg-getlinger.jpg\" alt=\"Die seltsame Spitze der Schwanenburg\" width=\"850\" height=\"532\" srcset=\"https:\/\/www.kle-blatt.de\/blog\/wp-content\/uploads\/2025\/11\/schwanenburg-getlinger.jpg?v=1763462048 850w, https:\/\/www.kle-blatt.de\/blog\/wp-content\/uploads\/2025\/11\/schwanenburg-getlinger-300x188.jpg?v=1763462048 300w, https:\/\/www.kle-blatt.de\/blog\/wp-content\/uploads\/2025\/11\/schwanenburg-getlinger-768x481.jpg?v=1763462048 768w\" sizes=\"auto, (max-width: 850px) 100vw, 850px\" \/><\/a><br \/>\n(Foto: Fritz Getlinger \u2013 mit freundlicher Genehmigung von Frau Katrin Getlinger-Wessing)<\/p>\n","protected":false},"excerpt":{"rendered":"<p>Die seltsame Spitze der Schwanenburg Einen ungew\u00f6hnlichen Anblick bietet hier der Schwanenturm, den man nur identifizieren kann, weil rechts daneben &hellip; <a href=\"https:\/\/www.kle-blatt.de\/blog\/kleve-in-foto-video\/die-schwanenburg-im-wandel-der-zeit\/die-seltsame-spitze-der-schwanenburg.html\" class=\"more-link\"><span class=\"more-button\">Weiterlesen<span class=\"screen-reader-text\">Die seltsame Spitze der Schwanenburg<\/span><\/span><\/a><\/p>\n","protected":false},"author":2,"featured_media":36174,"comment_status":"closed","ping_status":"closed","sticky":false,"template":"","format":"standard","meta":{"footnotes":""},"categories":[77],"tags":[6492],"class_list":["post-36173","post","type-post","status-publish","format-standard","has-post-thumbnail","hentry","category-die-schwanenburg-im-wandel-der-zeit","tag-die-seltsame-spitze-der-schwanenburg"],"_links":{"self":[{"href":"https:\/\/www.kle-blatt.de\/blog\/wp-json\/wp\/v2\/posts\/36173","targetHints":{"allow":["GET"]}}],"collection":[{"href":"https:\/\/www.kle-blatt.de\/blog\/wp-json\/wp\/v2\/posts"}],"about":[{"href":"https:\/\/www.kle-blatt.de\/blog\/wp-json\/wp\/v2\/types\/post"}],"author":[{"embeddable":true,"href":"https:\/\/www.kle-blatt.de\/blog\/wp-json\/wp\/v2\/users\/2"}],"replies":[{"embeddable":true,"href":"https:\/\/www.kle-blatt.de\/blog\/wp-json\/wp\/v2\/comments?post=36173"}],"version-history":[{"count":1,"href":"https:\/\/www.kle-blatt.de\/blog\/wp-json\/wp\/v2\/posts\/36173\/revisions"}],"predecessor-version":[{"id":36175,"href":"https:\/\/www.kle-blatt.de\/blog\/wp-json\/wp\/v2\/posts\/36173\/revisions\/36175"}],"wp:featuredmedia":[{"embeddable":true,"href":"https:\/\/www.kle-blatt.de\/blog\/wp-json\/wp\/v2\/media\/36174"}],"wp:attachment":[{"href":"https:\/\/www.kle-blatt.de\/blog\/wp-json\/wp\/v2\/media?parent=36173"}],"wp:term":[{"taxonomy":"category","embeddable":true,"href":"https:\/\/www.kle-blatt.de\/blog\/wp-json\/wp\/v2\/categories?post=36173"},{"taxonomy":"post_tag","embeddable":true,"href":"https:\/\/www.kle-blatt.de\/blog\/wp-json\/wp\/v2\/tags?post=36173"}],"curies":[{"name":"wp","href":"https:\/\/api.w.org\/{rel}","templated":true}]}}