{"id":36179,"date":"2026-01-18T06:00:12","date_gmt":"2026-01-18T04:00:12","guid":{"rendered":"https:\/\/www.kle-blatt.de\/blog\/?p=36179"},"modified":"2025-11-26T12:55:55","modified_gmt":"2025-11-26T10:55:55","slug":"ein-dicker-pulli-fuer-den-dr-arntz-turm","status":"publish","type":"post","link":"https:\/\/www.kle-blatt.de\/blog\/kleve-in-foto-video\/ein-dicker-pulli-fuer-den-dr-arntz-turm.html","title":{"rendered":"Ein dicker Pulli f\u00fcr den Dr.-Arntz-Turm"},"content":{"rendered":"<p><strong>Ein dicker Pulli f\u00fcr den Dr.-Arntz-Turm<\/strong><\/p>\n<p>Es sah in den 70ern tats\u00e4chlich so aus, als h\u00e4tte man dem Turm einen dicken Pulli \u00fcbergestreift. Der Eindruck wurde erreicht durch den dichten Efeubewuchs, den das Mauerwerk zu erleiden hatte. Sah zwar interessant aus, war aber nicht wirklich sinnvoll. Unten erkennt man noch den alten davor gelagerten Parkplatz, wo sich aktuell die Kaskade befindet.<\/p>\n<p><a href=\"https:\/\/www.kle-blatt.de\/blog\/wp-content\/uploads\/2025\/11\/efeuturm-70er-n-hemsen.jpg\"><img loading=\"lazy\" decoding=\"async\" class=\"aligncenter size-full wp-image-36180\" src=\"https:\/\/www.kle-blatt.de\/blog\/wp-content\/uploads\/2025\/11\/efeuturm-70er-n-hemsen.jpg\" alt=\"Ein dicker Pulli f\u00fcr den Dr.-Arntz-Turm\" width=\"850\" height=\"1107\" \/><\/a><br \/>\n(Foto: Norbert Hemsen)<\/p>\n","protected":false},"excerpt":{"rendered":"<p>Ein dicker Pulli f\u00fcr den Dr.-Arntz-Turm Es sah in den 70ern tats\u00e4chlich so aus, als h\u00e4tte man dem Turm einen &hellip; <a href=\"https:\/\/www.kle-blatt.de\/blog\/kleve-in-foto-video\/ein-dicker-pulli-fuer-den-dr-arntz-turm.html\" class=\"more-link\"><span class=\"more-button\">Weiterlesen<span class=\"screen-reader-text\">Ein dicker Pulli f\u00fcr den Dr.-Arntz-Turm<\/span><\/span><\/a><\/p>\n","protected":false},"author":2,"featured_media":36180,"comment_status":"closed","ping_status":"closed","sticky":false,"template":"","format":"standard","meta":{"footnotes":""},"categories":[3],"tags":[6494],"class_list":["post-36179","post","type-post","status-publish","format-standard","has-post-thumbnail","hentry","category-kleve-in-foto-video","tag-ein-dicker-pulli-fuer-den-dr-arntz-turm"],"_links":{"self":[{"href":"https:\/\/www.kle-blatt.de\/blog\/wp-json\/wp\/v2\/posts\/36179","targetHints":{"allow":["GET"]}}],"collection":[{"href":"https:\/\/www.kle-blatt.de\/blog\/wp-json\/wp\/v2\/posts"}],"about":[{"href":"https:\/\/www.kle-blatt.de\/blog\/wp-json\/wp\/v2\/types\/post"}],"author":[{"embeddable":true,"href":"https:\/\/www.kle-blatt.de\/blog\/wp-json\/wp\/v2\/users\/2"}],"replies":[{"embeddable":true,"href":"https:\/\/www.kle-blatt.de\/blog\/wp-json\/wp\/v2\/comments?post=36179"}],"version-history":[{"count":1,"href":"https:\/\/www.kle-blatt.de\/blog\/wp-json\/wp\/v2\/posts\/36179\/revisions"}],"predecessor-version":[{"id":36181,"href":"https:\/\/www.kle-blatt.de\/blog\/wp-json\/wp\/v2\/posts\/36179\/revisions\/36181"}],"wp:featuredmedia":[{"embeddable":true,"href":"https:\/\/www.kle-blatt.de\/blog\/wp-json\/wp\/v2\/media\/36180"}],"wp:attachment":[{"href":"https:\/\/www.kle-blatt.de\/blog\/wp-json\/wp\/v2\/media?parent=36179"}],"wp:term":[{"taxonomy":"category","embeddable":true,"href":"https:\/\/www.kle-blatt.de\/blog\/wp-json\/wp\/v2\/categories?post=36179"},{"taxonomy":"post_tag","embeddable":true,"href":"https:\/\/www.kle-blatt.de\/blog\/wp-json\/wp\/v2\/tags?post=36179"}],"curies":[{"name":"wp","href":"https:\/\/api.w.org\/{rel}","templated":true}]}}