{"id":3624,"date":"2024-07-31T07:20:19","date_gmt":"2024-07-31T05:20:19","guid":{"rendered":"http:\/\/www.kle-blatt.de\/blog\/?p=3624"},"modified":"2024-06-10T12:02:24","modified_gmt":"2024-06-10T10:02:24","slug":"klever-saemischlederwerke","status":"publish","type":"post","link":"https:\/\/www.kle-blatt.de\/blog\/werbung-gestern-heute\/klever-saemischlederwerke.html","title":{"rendered":"Erinnerst Du Dich an die S\u00e4mischlederwerke von Kleve?"},"content":{"rendered":"<p><strong>Erinnerst Du Dich an die S\u00e4mischlederwerke von Kleve?<\/strong><\/p>\n<p>Ein Blick in die Zuschneiderei und Messerei der ehemaligen S\u00e4mischlederwerke in Kleve.<br \/>\nWas ist eigentlich S\u00e4misches Leder? Das hat man sich doch immer gefragt, wenn man fr\u00fcher dort vorbei kam. Oder etwa nicht? \ud83d\ude42<\/p>\n<p><strong><a href=\"http:\/\/de.wikipedia.org\/wiki\/S%C3%A4mischleder\" target=\"_blank\" rel=\"noopener noreferrer\">Wikipedia kennt die Antwort<\/a><\/strong><\/p>\n<p>Mittlerweile haben einige andere Inhaber die Fabrik- und B\u00fcrogeb\u00e4ude genutzt, wobei es aktuell einem bekannten Klever Unternehmen geh\u00f6rt.<\/p>\n<p><a href=\"http:\/\/www.kle-blatt.de\/blog\/wp-content\/uploads\/2013\/06\/saemischlederwerke.jpg\"><img loading=\"lazy\" decoding=\"async\" class=\"size-full wp-image-3625 aligncenter\" src=\"https:\/\/www.kle-blatt.de\/blog\/wp-content\/uploads\/2013\/06\/saemischlederwerke.jpg\" alt=\"Die S\u00e4mischlederwerke von Kleve\" width=\"850\" height=\"707\" \/><\/a><\/p>\n","protected":false},"excerpt":{"rendered":"<p>Erinnerst Du Dich an die S\u00e4mischlederwerke von Kleve? Ein Blick in die Zuschneiderei und Messerei der ehemaligen S\u00e4mischlederwerke in Kleve. &hellip; <a href=\"https:\/\/www.kle-blatt.de\/blog\/werbung-gestern-heute\/klever-saemischlederwerke.html\" class=\"more-link\"><span class=\"more-button\">Weiterlesen<span class=\"screen-reader-text\">Erinnerst Du Dich an die S\u00e4mischlederwerke von Kleve?<\/span><\/span><\/a><\/p>\n","protected":false},"author":2,"featured_media":3625,"comment_status":"closed","ping_status":"closed","sticky":false,"template":"","format":"standard","meta":{"footnotes":""},"categories":[19],"tags":[875],"class_list":["post-3624","post","type-post","status-publish","format-standard","has-post-thumbnail","hentry","category-werbung-gestern-heute","tag-klever-saemischlederwerke"],"_links":{"self":[{"href":"https:\/\/www.kle-blatt.de\/blog\/wp-json\/wp\/v2\/posts\/3624","targetHints":{"allow":["GET"]}}],"collection":[{"href":"https:\/\/www.kle-blatt.de\/blog\/wp-json\/wp\/v2\/posts"}],"about":[{"href":"https:\/\/www.kle-blatt.de\/blog\/wp-json\/wp\/v2\/types\/post"}],"author":[{"embeddable":true,"href":"https:\/\/www.kle-blatt.de\/blog\/wp-json\/wp\/v2\/users\/2"}],"replies":[{"embeddable":true,"href":"https:\/\/www.kle-blatt.de\/blog\/wp-json\/wp\/v2\/comments?post=3624"}],"version-history":[{"count":2,"href":"https:\/\/www.kle-blatt.de\/blog\/wp-json\/wp\/v2\/posts\/3624\/revisions"}],"predecessor-version":[{"id":27391,"href":"https:\/\/www.kle-blatt.de\/blog\/wp-json\/wp\/v2\/posts\/3624\/revisions\/27391"}],"wp:featuredmedia":[{"embeddable":true,"href":"https:\/\/www.kle-blatt.de\/blog\/wp-json\/wp\/v2\/media\/3625"}],"wp:attachment":[{"href":"https:\/\/www.kle-blatt.de\/blog\/wp-json\/wp\/v2\/media?parent=3624"}],"wp:term":[{"taxonomy":"category","embeddable":true,"href":"https:\/\/www.kle-blatt.de\/blog\/wp-json\/wp\/v2\/categories?post=3624"},{"taxonomy":"post_tag","embeddable":true,"href":"https:\/\/www.kle-blatt.de\/blog\/wp-json\/wp\/v2\/tags?post=3624"}],"curies":[{"name":"wp","href":"https:\/\/api.w.org\/{rel}","templated":true}]}}