{"id":36470,"date":"2026-03-12T05:58:44","date_gmt":"2026-03-12T03:58:44","guid":{"rendered":"https:\/\/www.kle-blatt.de\/blog\/?p=36470"},"modified":"2026-01-21T11:59:14","modified_gmt":"2026-01-21T09:59:14","slug":"erinnerst-du-dich-noch-an-diesen-parkplatz","status":"publish","type":"post","link":"https:\/\/www.kle-blatt.de\/blog\/kleve-in-foto-video\/erinnerst-du-dich-noch-an-diesen-parkplatz.html","title":{"rendered":"Erinnerst Du Dich noch an diesen Parkplatz?"},"content":{"rendered":"<p><strong>Erinnerst Du Dich noch an diesen Parkplatz?<\/strong><\/p>\n<p>Das sieht heutzutage komplett anders aus. Doch hier, im Jahre 1986, existierte noch ein gr\u00f6\u00dferer Parkplatz neben dem Bahnhofsgeb\u00e4ude. Hast Du hier auch mal geparkt?<\/p>\n<p><a href=\"https:\/\/www.kle-blatt.de\/blog\/wp-content\/uploads\/2026\/01\/bahnhofsvorplatz-1986-alfred-derks.jpg\"><img loading=\"lazy\" decoding=\"async\" class=\"aligncenter size-full wp-image-36471\" src=\"https:\/\/www.kle-blatt.de\/blog\/wp-content\/uploads\/2026\/01\/bahnhofsvorplatz-1986-alfred-derks.jpg\" alt=\"Erinnerst Du Dich noch an diesen Parkplatz?\" width=\"850\" height=\"540\" \/><\/a><br \/>\n(Foto: Alfred Derks)<\/p>\n","protected":false},"excerpt":{"rendered":"<p>Erinnerst Du Dich noch an diesen Parkplatz? Das sieht heutzutage komplett anders aus. Doch hier, im Jahre 1986, existierte noch &hellip; <a href=\"https:\/\/www.kle-blatt.de\/blog\/kleve-in-foto-video\/erinnerst-du-dich-noch-an-diesen-parkplatz.html\" class=\"more-link\"><span class=\"more-button\">Weiterlesen<span class=\"screen-reader-text\">Erinnerst Du Dich noch an diesen Parkplatz?<\/span><\/span><\/a><\/p>\n","protected":false},"author":2,"featured_media":36471,"comment_status":"closed","ping_status":"closed","sticky":false,"template":"","format":"standard","meta":{"footnotes":""},"categories":[3],"tags":[6552],"class_list":["post-36470","post","type-post","status-publish","format-standard","has-post-thumbnail","hentry","category-kleve-in-foto-video","tag-erinnerst-du-dich-noch-an-diesen-parkplatz"],"_links":{"self":[{"href":"https:\/\/www.kle-blatt.de\/blog\/wp-json\/wp\/v2\/posts\/36470","targetHints":{"allow":["GET"]}}],"collection":[{"href":"https:\/\/www.kle-blatt.de\/blog\/wp-json\/wp\/v2\/posts"}],"about":[{"href":"https:\/\/www.kle-blatt.de\/blog\/wp-json\/wp\/v2\/types\/post"}],"author":[{"embeddable":true,"href":"https:\/\/www.kle-blatt.de\/blog\/wp-json\/wp\/v2\/users\/2"}],"replies":[{"embeddable":true,"href":"https:\/\/www.kle-blatt.de\/blog\/wp-json\/wp\/v2\/comments?post=36470"}],"version-history":[{"count":1,"href":"https:\/\/www.kle-blatt.de\/blog\/wp-json\/wp\/v2\/posts\/36470\/revisions"}],"predecessor-version":[{"id":36472,"href":"https:\/\/www.kle-blatt.de\/blog\/wp-json\/wp\/v2\/posts\/36470\/revisions\/36472"}],"wp:featuredmedia":[{"embeddable":true,"href":"https:\/\/www.kle-blatt.de\/blog\/wp-json\/wp\/v2\/media\/36471"}],"wp:attachment":[{"href":"https:\/\/www.kle-blatt.de\/blog\/wp-json\/wp\/v2\/media?parent=36470"}],"wp:term":[{"taxonomy":"category","embeddable":true,"href":"https:\/\/www.kle-blatt.de\/blog\/wp-json\/wp\/v2\/categories?post=36470"},{"taxonomy":"post_tag","embeddable":true,"href":"https:\/\/www.kle-blatt.de\/blog\/wp-json\/wp\/v2\/tags?post=36470"}],"curies":[{"name":"wp","href":"https:\/\/api.w.org\/{rel}","templated":true}]}}