{"id":3668,"date":"2018-06-06T07:10:22","date_gmt":"2018-06-06T05:10:22","guid":{"rendered":"http:\/\/www.kle-blatt.de\/blog\/?p=3668"},"modified":"2018-05-08T11:11:08","modified_gmt":"2018-05-08T09:11:08","slug":"bootsverleih-und-fahrradverleih-in-kleve","status":"publish","type":"post","link":"https:\/\/www.kle-blatt.de\/blog\/kleve-in-foto-video\/aus-dem-privatalbum\/bootsverleih-und-fahrradverleih-in-kleve.html","title":{"rendered":"Bootsverleih und Fahrradverleih in Kleve"},"content":{"rendered":"<p><strong>Bootsverleih und Fahrradverleih in Kleve<\/strong><\/p>\n<p>Vor langer langer Zeit konnte man bei Sonnenschein eine wundervolle Bootspartie auf dem Kermisdahl unternehmen. Daf\u00fcr standen zahlreiche Ruderboote aus Holz zur Verf\u00fcgung, die man bei Scho leihen konnte, um mit seiner Liebsten einmal romantisch \u00fcber das Wasser zu paddeln.<br \/>\nMan kann sehen, das Boote beliebt gewesen sein mussten, denn soviel gibt es heute nicht mehr dort.<\/p>\n<p><a href=\"http:\/\/www.kle-blatt.de\/blog\/wp-content\/uploads\/2013\/06\/boote.jpg\"><img loading=\"lazy\" decoding=\"async\" class=\"alignleft size-full wp-image-3669\" src=\"http:\/\/www.kle-blatt.de\/blog\/wp-content\/uploads\/2013\/06\/boote.jpg\" alt=\"Bootsverleih und Fahrradverleih in Kleve\" width=\"850\" height=\"517\" \/><\/a><\/p>\n<p>Heute sind sie allerdings bunt, aus Plastik und ohne Ruder. Die Beinkraft reicht aus, ein solches &#8222;B\u00f6tchen&#8220; wie ein Fahrrad \u00fcber die Wasserstra\u00dfe zu lenken.<br \/>\nDaf\u00fcr ist heute aber ein Fahrradverleih dabei.<\/p>\n<p><a href=\"http:\/\/www.kle-blatt.de\/blog\/wp-content\/uploads\/2013\/06\/boote-und-fahrraeder.jpg\"><img loading=\"lazy\" decoding=\"async\" class=\"alignleft size-full wp-image-3670\" src=\"http:\/\/www.kle-blatt.de\/blog\/wp-content\/uploads\/2013\/06\/boote-und-fahrraeder.jpg\" alt=\"boote und fahrraeder\" width=\"850\" height=\"533\" \/><\/a><\/p>\n<p>(Foto: Jan van der Vlies)<\/p>\n","protected":false},"excerpt":{"rendered":"<p>Bootsverleih und Fahrradverleih in Kleve Vor langer langer Zeit konnte man bei Sonnenschein eine wundervolle Bootspartie auf dem Kermisdahl unternehmen. &hellip; <a href=\"https:\/\/www.kle-blatt.de\/blog\/kleve-in-foto-video\/aus-dem-privatalbum\/bootsverleih-und-fahrradverleih-in-kleve.html\" class=\"more-link\"><span class=\"more-button\">Weiterlesen<span class=\"screen-reader-text\">Bootsverleih und Fahrradverleih in Kleve<\/span><\/span><\/a><\/p>\n","protected":false},"author":2,"featured_media":0,"comment_status":"open","ping_status":"closed","sticky":false,"template":"","format":"standard","meta":{"footnotes":""},"categories":[20,3],"tags":[877],"class_list":["post-3668","post","type-post","status-publish","format-standard","hentry","category-aus-dem-privatalbum","category-kleve-in-foto-video","tag-bootsverleih-und-fahrradverleih-in-kleve"],"_links":{"self":[{"href":"https:\/\/www.kle-blatt.de\/blog\/wp-json\/wp\/v2\/posts\/3668","targetHints":{"allow":["GET"]}}],"collection":[{"href":"https:\/\/www.kle-blatt.de\/blog\/wp-json\/wp\/v2\/posts"}],"about":[{"href":"https:\/\/www.kle-blatt.de\/blog\/wp-json\/wp\/v2\/types\/post"}],"author":[{"embeddable":true,"href":"https:\/\/www.kle-blatt.de\/blog\/wp-json\/wp\/v2\/users\/2"}],"replies":[{"embeddable":true,"href":"https:\/\/www.kle-blatt.de\/blog\/wp-json\/wp\/v2\/comments?post=3668"}],"version-history":[{"count":0,"href":"https:\/\/www.kle-blatt.de\/blog\/wp-json\/wp\/v2\/posts\/3668\/revisions"}],"wp:attachment":[{"href":"https:\/\/www.kle-blatt.de\/blog\/wp-json\/wp\/v2\/media?parent=3668"}],"wp:term":[{"taxonomy":"category","embeddable":true,"href":"https:\/\/www.kle-blatt.de\/blog\/wp-json\/wp\/v2\/categories?post=3668"},{"taxonomy":"post_tag","embeddable":true,"href":"https:\/\/www.kle-blatt.de\/blog\/wp-json\/wp\/v2\/tags?post=3668"}],"curies":[{"name":"wp","href":"https:\/\/api.w.org\/{rel}","templated":true}]}}