{"id":3785,"date":"2024-06-20T06:00:06","date_gmt":"2024-06-20T04:00:06","guid":{"rendered":"http:\/\/www.kle-blatt.de\/blog\/?p=3785"},"modified":"2024-05-11T13:50:24","modified_gmt":"2024-05-11T11:50:24","slug":"rheinisches-feuerwehr-verbandsfest-1908-in-bad-cleve","status":"publish","type":"post","link":"https:\/\/www.kle-blatt.de\/blog\/kleve-in-foto-video\/rheinisches-feuerwehr-verbandsfest-1908-in-bad-cleve.html","title":{"rendered":"Laut + \u00fcberf\u00fcllt: Rheinisches Feuerwehr-Verbandsfest 1908 in Bad Cleve"},"content":{"rendered":"<p><strong>Laut + \u00fcberf\u00fcllt: Rheinisches Feuerwehr-Verbandsfest 1908 in Bad Cleve<\/strong><\/p>\n<p>Die Frage, ob es an der Ermangelung von reichlich zu l\u00f6schendem Feuer lag oder andere Gr\u00fcnde ausschlaggebend waren, dieses Fest unbedingt nach Bad Cleve zu holen, kann heute nicht mehr abschlie\u00dfend beantwortet werden.<br \/>\nGerade einmal 8 Jahre war die Freiwillige Feuerwehr Kleve alt (Gr\u00fcndung 1900), als zahlreiche Musik- und Trommler-Korps auf dem damals freien Gel\u00e4nde zwischen R\u00f6merstra\u00dfe und Brabanter Stra\u00dfe f\u00fcr die laute Unterhaltung sorgten und 150 Wehren mit \u00fcber viertausend Feuerwehrm\u00e4nnern ihre L\u00f6sch\u00fcbungen vor riesigem Publikum zelebrierten. Heute k\u00f6nnte man eine solche Menge Menschen in den aktuellen Klever Hotels nicht mehr unterbringen. Damals war das bei den zahlreichen tollen Hotels und Pensionen kein Problem.<br \/>\nDie Kr\u00f6nung der Geschichte war schlie\u00dflich ein gemeinsames Festmahl im Hotel Maywald mit einem anschlie\u00dfenden Konzert im Sch\u00fctzenhaus.<br \/>\nSo effektive Ger\u00e4tschaften, wie sie die heutige Feuerwehr in Kleve hat, gab es damals noch nicht. Trotzdem unternahm man alles, um brennende H\u00e4user oder anderes so schnell wie m\u00f6glich zu l\u00f6schen.<\/p>\n<p><a href=\"http:\/\/www.kle-blatt.de\/blog\/wp-content\/uploads\/2013\/06\/feuerwehr-verbandsfest.jpg\"><img loading=\"lazy\" decoding=\"async\" class=\"size-large wp-image-3786 aligncenter\" src=\"https:\/\/www.kle-blatt.de\/blog\/wp-content\/uploads\/2013\/06\/feuerwehr-verbandsfest-628x1024.jpg\" alt=\"Laut + \u00fcberf\u00fcllt: Rheinisches Feuerwehr-Verbandsfest 1908 in Bad Cleve\" width=\"850\" height=\"1297\" \/><\/a><\/p>\n","protected":false},"excerpt":{"rendered":"<p>Laut + \u00fcberf\u00fcllt: Rheinisches Feuerwehr-Verbandsfest 1908 in Bad Cleve Die Frage, ob es an der Ermangelung von reichlich zu l\u00f6schendem &hellip; <a href=\"https:\/\/www.kle-blatt.de\/blog\/kleve-in-foto-video\/rheinisches-feuerwehr-verbandsfest-1908-in-bad-cleve.html\" class=\"more-link\"><span class=\"more-button\">Weiterlesen<span class=\"screen-reader-text\">Laut + \u00fcberf\u00fcllt: Rheinisches Feuerwehr-Verbandsfest 1908 in Bad Cleve<\/span><\/span><\/a><\/p>\n","protected":false},"author":2,"featured_media":3786,"comment_status":"closed","ping_status":"closed","sticky":false,"template":"","format":"standard","meta":{"footnotes":""},"categories":[3],"tags":[4991],"class_list":["post-3785","post","type-post","status-publish","format-standard","has-post-thumbnail","hentry","category-kleve-in-foto-video","tag-laut-ueberfuellt-rheinisches-feuerwehr-verbandsfest-1908-in-bad-cleve"],"_links":{"self":[{"href":"https:\/\/www.kle-blatt.de\/blog\/wp-json\/wp\/v2\/posts\/3785","targetHints":{"allow":["GET"]}}],"collection":[{"href":"https:\/\/www.kle-blatt.de\/blog\/wp-json\/wp\/v2\/posts"}],"about":[{"href":"https:\/\/www.kle-blatt.de\/blog\/wp-json\/wp\/v2\/types\/post"}],"author":[{"embeddable":true,"href":"https:\/\/www.kle-blatt.de\/blog\/wp-json\/wp\/v2\/users\/2"}],"replies":[{"embeddable":true,"href":"https:\/\/www.kle-blatt.de\/blog\/wp-json\/wp\/v2\/comments?post=3785"}],"version-history":[{"count":2,"href":"https:\/\/www.kle-blatt.de\/blog\/wp-json\/wp\/v2\/posts\/3785\/revisions"}],"predecessor-version":[{"id":33916,"href":"https:\/\/www.kle-blatt.de\/blog\/wp-json\/wp\/v2\/posts\/3785\/revisions\/33916"}],"wp:featuredmedia":[{"embeddable":true,"href":"https:\/\/www.kle-blatt.de\/blog\/wp-json\/wp\/v2\/media\/3786"}],"wp:attachment":[{"href":"https:\/\/www.kle-blatt.de\/blog\/wp-json\/wp\/v2\/media?parent=3785"}],"wp:term":[{"taxonomy":"category","embeddable":true,"href":"https:\/\/www.kle-blatt.de\/blog\/wp-json\/wp\/v2\/categories?post=3785"},{"taxonomy":"post_tag","embeddable":true,"href":"https:\/\/www.kle-blatt.de\/blog\/wp-json\/wp\/v2\/tags?post=3785"}],"curies":[{"name":"wp","href":"https:\/\/api.w.org\/{rel}","templated":true}]}}