{"id":4110,"date":"2024-06-12T06:10:04","date_gmt":"2024-06-12T04:10:04","guid":{"rendered":"http:\/\/www.kle-blatt.de\/blog\/?p=4110"},"modified":"2024-05-11T13:26:06","modified_gmt":"2024-05-11T11:26:06","slug":"die-obere-grosse-strasse-in-kleve-um-1918","status":"publish","type":"post","link":"https:\/\/www.kle-blatt.de\/blog\/kleve-in-foto-video\/die-obere-grosse-strasse-in-kleve-um-1918.html","title":{"rendered":"Die obere Gro\u00dfe Stra\u00dfe in Kleve um 1918"},"content":{"rendered":"<p><strong>Die obere Gro\u00dfe Stra\u00dfe in Kleve um 1918<\/strong><\/p>\n<p>Das Bild zeigt die Gro\u00dfe Stra\u00dfe in Kleve etwa um 1918 herum. Wir schauen die Stra\u00dfe hoch auf H\u00f6he etwas hinter dem heutigen Kaufhof.<br \/>\nRechts erkennt man sehr sch\u00f6n den Erker des Wein-Restaurants Kaiserhof. Links der Turm geh\u00f6rte zur Evangelischen Kirche.<br \/>\nHistorisch interessant auch die Transportmittel dieser Zeit. Wo heute Fu\u00dfg\u00e4ngerzone ist und sich kontinuierlich der Stadtbus von oben nach unten und zur\u00fcck bewegt, sehen wir links einen Jungen vor einem Kutschwagen oder Handkarren. Hinten auf der Mitte der Stra\u00dfe f\u00e4hrt ein Pferdefuhrwerk. Oder handelt es sich auch um eine Art Kutsche? Gem\u00fctlich allemal. \ud83d\ude42<\/p>\n<p><a href=\"http:\/\/www.kle-blatt.de\/blog\/wp-content\/uploads\/2013\/06\/obere-grosse-1918.jpg\"><img loading=\"lazy\" decoding=\"async\" class=\"size-full wp-image-4111 aligncenter\" src=\"https:\/\/www.kle-blatt.de\/blog\/wp-content\/uploads\/2013\/06\/obere-grosse-1918.jpg\" alt=\"Die obere Gro\u00dfe Stra\u00dfe in Kleve um 1918\" width=\"850\" height=\"599\" \/><\/a><\/p>\n","protected":false},"excerpt":{"rendered":"<p>Die obere Gro\u00dfe Stra\u00dfe in Kleve um 1918 Das Bild zeigt die Gro\u00dfe Stra\u00dfe in Kleve etwa um 1918 herum. &hellip; <a href=\"https:\/\/www.kle-blatt.de\/blog\/kleve-in-foto-video\/die-obere-grosse-strasse-in-kleve-um-1918.html\" class=\"more-link\"><span class=\"more-button\">Weiterlesen<span class=\"screen-reader-text\">Die obere Gro\u00dfe Stra\u00dfe in Kleve um 1918<\/span><\/span><\/a><\/p>\n","protected":false},"author":2,"featured_media":4111,"comment_status":"closed","ping_status":"closed","sticky":false,"template":"","format":"standard","meta":{"footnotes":""},"categories":[3],"tags":[943],"class_list":["post-4110","post","type-post","status-publish","format-standard","has-post-thumbnail","hentry","category-kleve-in-foto-video","tag-die-obere-grosse-strasse-in-kleve-um-1918"],"_links":{"self":[{"href":"https:\/\/www.kle-blatt.de\/blog\/wp-json\/wp\/v2\/posts\/4110","targetHints":{"allow":["GET"]}}],"collection":[{"href":"https:\/\/www.kle-blatt.de\/blog\/wp-json\/wp\/v2\/posts"}],"about":[{"href":"https:\/\/www.kle-blatt.de\/blog\/wp-json\/wp\/v2\/types\/post"}],"author":[{"embeddable":true,"href":"https:\/\/www.kle-blatt.de\/blog\/wp-json\/wp\/v2\/users\/2"}],"replies":[{"embeddable":true,"href":"https:\/\/www.kle-blatt.de\/blog\/wp-json\/wp\/v2\/comments?post=4110"}],"version-history":[{"count":2,"href":"https:\/\/www.kle-blatt.de\/blog\/wp-json\/wp\/v2\/posts\/4110\/revisions"}],"predecessor-version":[{"id":33902,"href":"https:\/\/www.kle-blatt.de\/blog\/wp-json\/wp\/v2\/posts\/4110\/revisions\/33902"}],"wp:featuredmedia":[{"embeddable":true,"href":"https:\/\/www.kle-blatt.de\/blog\/wp-json\/wp\/v2\/media\/4111"}],"wp:attachment":[{"href":"https:\/\/www.kle-blatt.de\/blog\/wp-json\/wp\/v2\/media?parent=4110"}],"wp:term":[{"taxonomy":"category","embeddable":true,"href":"https:\/\/www.kle-blatt.de\/blog\/wp-json\/wp\/v2\/categories?post=4110"},{"taxonomy":"post_tag","embeddable":true,"href":"https:\/\/www.kle-blatt.de\/blog\/wp-json\/wp\/v2\/tags?post=4110"}],"curies":[{"name":"wp","href":"https:\/\/api.w.org\/{rel}","templated":true}]}}