{"id":4328,"date":"2021-07-09T06:10:48","date_gmt":"2021-07-09T04:10:48","guid":{"rendered":"http:\/\/www.kle-blatt.de\/blog\/?p=4328"},"modified":"2021-06-18T09:19:07","modified_gmt":"2021-06-18T07:19:07","slug":"die-mueden-tiere-aus-dem-tiergarten-kleve","status":"publish","type":"post","link":"https:\/\/www.kle-blatt.de\/blog\/kleve-in-foto-video\/aus-dem-privatalbum\/die-mueden-tiere-aus-dem-tiergarten-kleve.html","title":{"rendered":"Auch gesehen? Die m\u00fcden Tiere aus dem Tiergarten Kleve"},"content":{"rendered":"<p><strong>Auch gesehen? Die m\u00fcden Tiere aus dem Tiergarten Kleve<\/strong><\/p>\n<p>Angesichts gestiegener Au\u00dfentemperaturen verl\u00e4sst einige Tiere die Energie, f\u00fcr die Besucher des Tiergartens in Kleve Ihrem Job nachzugehen als Unterhalter.<br \/>\nSie werden m\u00fcde und legen sich zu einem Nickerchen dahin, wo es Ihnen am Besten gef\u00e4llt.<br \/>\nDas Dromedar flatscht sich einfach in den Sand, legt sich in eine stabile Seitenlage und tr\u00e4umt wohl davon, ein Mensch zu sein.<br \/>\nDer &#8222;Graue&#8220; m\u00fcmmelt sich auf ein Brett unterm Bl\u00e4tterdach und h\u00e4lt sich mit seiner nat\u00fcrlichen Decke warm, die er immer am K\u00f6rper tr\u00e4gt.<br \/>\nDer niedliche Panda h\u00e4ngt sich einfach faul \u00fcber den Ast, dreht den Besuchern den Hintern zu und schlummert gem\u00fctlich vor sich hin.<\/p>\n<p><a href=\"http:\/\/www.kle-blatt.de\/blog\/wp-content\/uploads\/2013\/07\/P6170450.jpg\"><img loading=\"lazy\" decoding=\"async\" class=\"size-full wp-image-4329 aligncenter\" src=\"https:\/\/www.kle-blatt.de\/blog\/wp-content\/uploads\/2013\/07\/P6170450.jpg\" alt=\"Auch gesehen? Die m\u00fcden Tiere aus dem Tiergarten Kleve\" width=\"850\" height=\"588\" \/><\/a><br \/>\n<a href=\"http:\/\/www.kle-blatt.de\/blog\/wp-content\/uploads\/2013\/07\/P6170458.jpg\"><img loading=\"lazy\" decoding=\"async\" class=\"size-full wp-image-4330 aligncenter\" src=\"https:\/\/www.kle-blatt.de\/blog\/wp-content\/uploads\/2013\/07\/P6170458.jpg\" alt=\"Auch gesehen? Die m\u00fcden Tiere aus dem Tiergarten Kleve\" width=\"849\" height=\"654\" \/><\/a><br \/>\n<a href=\"http:\/\/www.kle-blatt.de\/blog\/wp-content\/uploads\/2013\/07\/P6170507.jpg\"><img loading=\"lazy\" decoding=\"async\" class=\"size-full wp-image-4331 aligncenter\" src=\"https:\/\/www.kle-blatt.de\/blog\/wp-content\/uploads\/2013\/07\/P6170507.jpg\" alt=\"Auch gesehen? Die m\u00fcden Tiere aus dem Tiergarten Kleve\" width=\"849\" height=\"607\" \/><\/a>(Fotos: KLE-Blatt)<\/p>\n","protected":false},"excerpt":{"rendered":"<p>Auch gesehen? Die m\u00fcden Tiere aus dem Tiergarten Kleve Angesichts gestiegener Au\u00dfentemperaturen verl\u00e4sst einige Tiere die Energie, f\u00fcr die Besucher &hellip; <a href=\"https:\/\/www.kle-blatt.de\/blog\/kleve-in-foto-video\/aus-dem-privatalbum\/die-mueden-tiere-aus-dem-tiergarten-kleve.html\" class=\"more-link\"><span class=\"more-button\">Weiterlesen<span class=\"screen-reader-text\">Auch gesehen? Die m\u00fcden Tiere aus dem Tiergarten Kleve<\/span><\/span><\/a><\/p>\n","protected":false},"author":2,"featured_media":4329,"comment_status":"open","ping_status":"closed","sticky":false,"template":"","format":"standard","meta":{"footnotes":""},"categories":[20],"tags":[976],"class_list":["post-4328","post","type-post","status-publish","format-standard","has-post-thumbnail","hentry","category-aus-dem-privatalbum","tag-die-mueden-tiere-aus-dem-tiergarten-kleve"],"_links":{"self":[{"href":"https:\/\/www.kle-blatt.de\/blog\/wp-json\/wp\/v2\/posts\/4328","targetHints":{"allow":["GET"]}}],"collection":[{"href":"https:\/\/www.kle-blatt.de\/blog\/wp-json\/wp\/v2\/posts"}],"about":[{"href":"https:\/\/www.kle-blatt.de\/blog\/wp-json\/wp\/v2\/types\/post"}],"author":[{"embeddable":true,"href":"https:\/\/www.kle-blatt.de\/blog\/wp-json\/wp\/v2\/users\/2"}],"replies":[{"embeddable":true,"href":"https:\/\/www.kle-blatt.de\/blog\/wp-json\/wp\/v2\/comments?post=4328"}],"version-history":[{"count":2,"href":"https:\/\/www.kle-blatt.de\/blog\/wp-json\/wp\/v2\/posts\/4328\/revisions"}],"predecessor-version":[{"id":28955,"href":"https:\/\/www.kle-blatt.de\/blog\/wp-json\/wp\/v2\/posts\/4328\/revisions\/28955"}],"wp:featuredmedia":[{"embeddable":true,"href":"https:\/\/www.kle-blatt.de\/blog\/wp-json\/wp\/v2\/media\/4329"}],"wp:attachment":[{"href":"https:\/\/www.kle-blatt.de\/blog\/wp-json\/wp\/v2\/media?parent=4328"}],"wp:term":[{"taxonomy":"category","embeddable":true,"href":"https:\/\/www.kle-blatt.de\/blog\/wp-json\/wp\/v2\/categories?post=4328"},{"taxonomy":"post_tag","embeddable":true,"href":"https:\/\/www.kle-blatt.de\/blog\/wp-json\/wp\/v2\/tags?post=4328"}],"curies":[{"name":"wp","href":"https:\/\/api.w.org\/{rel}","templated":true}]}}