{"id":4369,"date":"2024-07-12T06:10:46","date_gmt":"2024-07-12T04:10:46","guid":{"rendered":"http:\/\/www.kle-blatt.de\/blog\/?p=4369"},"modified":"2024-06-10T11:48:11","modified_gmt":"2024-06-10T09:48:11","slug":"fruehschoppen-zur-kirmes-in-kleve","status":"publish","type":"post","link":"https:\/\/www.kle-blatt.de\/blog\/kleve-in-foto-video\/fruehschoppen-zur-kirmes-in-kleve.html","title":{"rendered":"Warst Du auch dabei? Fr\u00fchschoppen zur Kirmes in Kleve"},"content":{"rendered":"<p><strong>Warst Du auch dabei? Fr\u00fchschoppen zur Kirmes in Kleve<\/strong><\/p>\n<p>Auch vor \u00fcber f\u00fcnfzig Jahren waren die Kinder schon begeistert, wenn im Festzelt der Kirmes-Fr\u00fchschoppen stattfand mit lauter Musik.<br \/>\nAngelockt von den Live-Bands kletterten die neugierigen Zaung\u00e4ste an den Au\u00dfenw\u00e4nden empor um zu sehen, was die Erwachsenen dort wohl so alles treiben.<\/p>\n<p><a href=\"http:\/\/www.kle-blatt.de\/blog\/wp-content\/uploads\/2013\/07\/kirmes-fruehschoppen.jpg\"><img loading=\"lazy\" decoding=\"async\" class=\"size-full wp-image-4370 aligncenter\" src=\"https:\/\/www.kle-blatt.de\/blog\/wp-content\/uploads\/2013\/07\/kirmes-fruehschoppen.jpg\" alt=\"Fr\u00fchschoppen zur Kirmes in Kleve\" width=\"850\" height=\"1196\" \/><\/a><br \/>\n(Foto: Fritz Getlinger \u2013 Kleve nach dem Krieg \u2013 mit freundlicher Genehmigung von Frau Katrin Getlinger-Wessing)<\/p>\n","protected":false},"excerpt":{"rendered":"<p>Warst Du auch dabei? Fr\u00fchschoppen zur Kirmes in Kleve Auch vor \u00fcber f\u00fcnfzig Jahren waren die Kinder schon begeistert, wenn &hellip; <a href=\"https:\/\/www.kle-blatt.de\/blog\/kleve-in-foto-video\/fruehschoppen-zur-kirmes-in-kleve.html\" class=\"more-link\"><span class=\"more-button\">Weiterlesen<span class=\"screen-reader-text\">Warst Du auch dabei? Fr\u00fchschoppen zur Kirmes in Kleve<\/span><\/span><\/a><\/p>\n","protected":false},"author":2,"featured_media":4370,"comment_status":"closed","ping_status":"closed","sticky":false,"template":"","format":"standard","meta":{"footnotes":""},"categories":[3],"tags":[982],"class_list":["post-4369","post","type-post","status-publish","format-standard","has-post-thumbnail","hentry","category-kleve-in-foto-video","tag-fruehschoppen-zur-kirmes-in-kleve"],"_links":{"self":[{"href":"https:\/\/www.kle-blatt.de\/blog\/wp-json\/wp\/v2\/posts\/4369","targetHints":{"allow":["GET"]}}],"collection":[{"href":"https:\/\/www.kle-blatt.de\/blog\/wp-json\/wp\/v2\/posts"}],"about":[{"href":"https:\/\/www.kle-blatt.de\/blog\/wp-json\/wp\/v2\/types\/post"}],"author":[{"embeddable":true,"href":"https:\/\/www.kle-blatt.de\/blog\/wp-json\/wp\/v2\/users\/2"}],"replies":[{"embeddable":true,"href":"https:\/\/www.kle-blatt.de\/blog\/wp-json\/wp\/v2\/comments?post=4369"}],"version-history":[{"count":2,"href":"https:\/\/www.kle-blatt.de\/blog\/wp-json\/wp\/v2\/posts\/4369\/revisions"}],"predecessor-version":[{"id":27341,"href":"https:\/\/www.kle-blatt.de\/blog\/wp-json\/wp\/v2\/posts\/4369\/revisions\/27341"}],"wp:featuredmedia":[{"embeddable":true,"href":"https:\/\/www.kle-blatt.de\/blog\/wp-json\/wp\/v2\/media\/4370"}],"wp:attachment":[{"href":"https:\/\/www.kle-blatt.de\/blog\/wp-json\/wp\/v2\/media?parent=4369"}],"wp:term":[{"taxonomy":"category","embeddable":true,"href":"https:\/\/www.kle-blatt.de\/blog\/wp-json\/wp\/v2\/categories?post=4369"},{"taxonomy":"post_tag","embeddable":true,"href":"https:\/\/www.kle-blatt.de\/blog\/wp-json\/wp\/v2\/tags?post=4369"}],"curies":[{"name":"wp","href":"https:\/\/api.w.org\/{rel}","templated":true}]}}