{"id":4432,"date":"2025-07-05T06:10:55","date_gmt":"2025-07-05T04:10:55","guid":{"rendered":"http:\/\/www.kle-blatt.de\/blog\/?p=4432"},"modified":"2025-05-13T11:13:18","modified_gmt":"2025-05-13T09:13:18","slug":"die-lindenallee-in-kleve","status":"publish","type":"post","link":"https:\/\/www.kle-blatt.de\/blog\/kleve-in-foto-video\/die-lindenallee-in-kleve.html","title":{"rendered":"Die gro\u00dfartige Lindenallee in Kleve"},"content":{"rendered":"<p><strong>Die gro\u00dfartige Lindenallee in Kleve<\/strong><\/p>\n<p>Im Jahre 1916 trug die Lindenallee in Cleve ihren Namen noch zu Recht, da sie noch den Radfahrern, Spazierg\u00e4ngern und Pferdefuhrwerken auf ganzer Breite geh\u00f6rte. Kein Auto, das einen in Bedr\u00e4ngnis bringen k\u00f6nnte.<br \/>\nSelbst nicht die gem\u00fctliche Stra\u00dfenbahn von Cleve nach Bedburg-Hau, die hier immerhin seit 1912 unterwegs war.<br \/>\nDer Blickwinkel des Fotos zeigt die Kreuzung an der Linde mit Blickrichtung zur Nassauer Allee. Auf dem Grundst\u00fcck an der linken Seite stand mal die evangelische Vers\u00f6hnungskirche.<\/p>\n<p><a href=\"http:\/\/www.kle-blatt.de\/blog\/wp-content\/uploads\/2013\/07\/lindenallee1.jpg\"><img loading=\"lazy\" decoding=\"async\" class=\"size-full wp-image-4433 aligncenter\" src=\"https:\/\/www.kle-blatt.de\/blog\/wp-content\/uploads\/2013\/07\/lindenallee1.jpg\" alt=\"Die gro\u00dfartige Lindenallee in Kleve\" width=\"850\" height=\"527\" \/><\/a><br \/>\n(Mit freundlicher Genehmigung von Klaus Radermacher aus seinem Buch &#8222;Bad Cleve in Photographien um die Jahrhundertwende&#8220;)<\/p>\n","protected":false},"excerpt":{"rendered":"<p>Die gro\u00dfartige Lindenallee in Kleve Im Jahre 1916 trug die Lindenallee in Cleve ihren Namen noch zu Recht, da sie &hellip; <a href=\"https:\/\/www.kle-blatt.de\/blog\/kleve-in-foto-video\/die-lindenallee-in-kleve.html\" class=\"more-link\"><span class=\"more-button\">Weiterlesen<span class=\"screen-reader-text\">Die gro\u00dfartige Lindenallee in Kleve<\/span><\/span><\/a><\/p>\n","protected":false},"author":2,"featured_media":4433,"comment_status":"closed","ping_status":"closed","sticky":false,"template":"","format":"standard","meta":{"footnotes":""},"categories":[3],"tags":[993],"class_list":["post-4432","post","type-post","status-publish","format-standard","has-post-thumbnail","hentry","category-kleve-in-foto-video","tag-die-lindenallee-in-kleve"],"_links":{"self":[{"href":"https:\/\/www.kle-blatt.de\/blog\/wp-json\/wp\/v2\/posts\/4432","targetHints":{"allow":["GET"]}}],"collection":[{"href":"https:\/\/www.kle-blatt.de\/blog\/wp-json\/wp\/v2\/posts"}],"about":[{"href":"https:\/\/www.kle-blatt.de\/blog\/wp-json\/wp\/v2\/types\/post"}],"author":[{"embeddable":true,"href":"https:\/\/www.kle-blatt.de\/blog\/wp-json\/wp\/v2\/users\/2"}],"replies":[{"embeddable":true,"href":"https:\/\/www.kle-blatt.de\/blog\/wp-json\/wp\/v2\/comments?post=4432"}],"version-history":[{"count":2,"href":"https:\/\/www.kle-blatt.de\/blog\/wp-json\/wp\/v2\/posts\/4432\/revisions"}],"predecessor-version":[{"id":35372,"href":"https:\/\/www.kle-blatt.de\/blog\/wp-json\/wp\/v2\/posts\/4432\/revisions\/35372"}],"wp:featuredmedia":[{"embeddable":true,"href":"https:\/\/www.kle-blatt.de\/blog\/wp-json\/wp\/v2\/media\/4433"}],"wp:attachment":[{"href":"https:\/\/www.kle-blatt.de\/blog\/wp-json\/wp\/v2\/media?parent=4432"}],"wp:term":[{"taxonomy":"category","embeddable":true,"href":"https:\/\/www.kle-blatt.de\/blog\/wp-json\/wp\/v2\/categories?post=4432"},{"taxonomy":"post_tag","embeddable":true,"href":"https:\/\/www.kle-blatt.de\/blog\/wp-json\/wp\/v2\/tags?post=4432"}],"curies":[{"name":"wp","href":"https:\/\/api.w.org\/{rel}","templated":true}]}}