{"id":4451,"date":"2025-07-08T06:10:38","date_gmt":"2025-07-08T04:10:38","guid":{"rendered":"http:\/\/www.kle-blatt.de\/blog\/?p=4451"},"modified":"2025-05-13T12:03:37","modified_gmt":"2025-05-13T10:03:37","slug":"tischtennis-tradition-in-kleve","status":"publish","type":"post","link":"https:\/\/www.kle-blatt.de\/blog\/kleve-in-foto-video\/tischtennis-tradition-in-kleve.html","title":{"rendered":"Du auch? Tischtennis-Tradition in Kleve"},"content":{"rendered":"<p><strong>Du auch? Tischtennis-Tradition in Kleve<\/strong><\/p>\n<p>Durch die Farben Wei\u00df-Rot-Wei\u00df hatte sich schon fr\u00fch in Kleve ein Zentrum des Tischtennissports entwickelt.<br \/>\nDie ersten internationalen Turniere und Wettbewerbe fanden in den F\u00fcnfziger Jahren in den Werkshallen der Schuhfabrik Gustav Hoffmann GmbH statt, da man derzeit noch nicht \u00fcber Gro\u00dfturnhallen verf\u00fcgte.<\/p>\n<p><a href=\"http:\/\/www.kle-blatt.de\/blog\/wp-content\/uploads\/2013\/07\/tischtennis-hoffmann.jpg\"><img loading=\"lazy\" decoding=\"async\" class=\"size-full wp-image-4452 aligncenter\" src=\"https:\/\/www.kle-blatt.de\/blog\/wp-content\/uploads\/2013\/07\/tischtennis-hoffmann.jpg\" alt=\"Tischtennis-Tradition in Kleve\" width=\"850\" height=\"580\" \/><\/a><br \/>\n(Foto: Fritz Getlinger \u2013 Kleve nach dem Krieg \u2013 mit freundlicher Genehmigung von Frau Katrin Getlinger-Wessing)<\/p>\n","protected":false},"excerpt":{"rendered":"<p>Du auch? Tischtennis-Tradition in Kleve Durch die Farben Wei\u00df-Rot-Wei\u00df hatte sich schon fr\u00fch in Kleve ein Zentrum des Tischtennissports entwickelt. &hellip; <a href=\"https:\/\/www.kle-blatt.de\/blog\/kleve-in-foto-video\/tischtennis-tradition-in-kleve.html\" class=\"more-link\"><span class=\"more-button\">Weiterlesen<span class=\"screen-reader-text\">Du auch? Tischtennis-Tradition in Kleve<\/span><\/span><\/a><\/p>\n","protected":false},"author":2,"featured_media":4452,"comment_status":"closed","ping_status":"closed","sticky":false,"template":"","format":"standard","meta":{"footnotes":""},"categories":[3],"tags":[997],"class_list":["post-4451","post","type-post","status-publish","format-standard","has-post-thumbnail","hentry","category-kleve-in-foto-video","tag-tischtennis-tradition-in-kleve"],"_links":{"self":[{"href":"https:\/\/www.kle-blatt.de\/blog\/wp-json\/wp\/v2\/posts\/4451","targetHints":{"allow":["GET"]}}],"collection":[{"href":"https:\/\/www.kle-blatt.de\/blog\/wp-json\/wp\/v2\/posts"}],"about":[{"href":"https:\/\/www.kle-blatt.de\/blog\/wp-json\/wp\/v2\/types\/post"}],"author":[{"embeddable":true,"href":"https:\/\/www.kle-blatt.de\/blog\/wp-json\/wp\/v2\/users\/2"}],"replies":[{"embeddable":true,"href":"https:\/\/www.kle-blatt.de\/blog\/wp-json\/wp\/v2\/comments?post=4451"}],"version-history":[{"count":2,"href":"https:\/\/www.kle-blatt.de\/blog\/wp-json\/wp\/v2\/posts\/4451\/revisions"}],"predecessor-version":[{"id":27367,"href":"https:\/\/www.kle-blatt.de\/blog\/wp-json\/wp\/v2\/posts\/4451\/revisions\/27367"}],"wp:featuredmedia":[{"embeddable":true,"href":"https:\/\/www.kle-blatt.de\/blog\/wp-json\/wp\/v2\/media\/4452"}],"wp:attachment":[{"href":"https:\/\/www.kle-blatt.de\/blog\/wp-json\/wp\/v2\/media?parent=4451"}],"wp:term":[{"taxonomy":"category","embeddable":true,"href":"https:\/\/www.kle-blatt.de\/blog\/wp-json\/wp\/v2\/categories?post=4451"},{"taxonomy":"post_tag","embeddable":true,"href":"https:\/\/www.kle-blatt.de\/blog\/wp-json\/wp\/v2\/tags?post=4451"}],"curies":[{"name":"wp","href":"https:\/\/api.w.org\/{rel}","templated":true}]}}