{"id":4589,"date":"2025-07-09T06:00:49","date_gmt":"2025-07-09T04:00:49","guid":{"rendered":"http:\/\/www.kle-blatt.de\/blog\/?p=4589"},"modified":"2025-05-13T11:32:43","modified_gmt":"2025-05-13T09:32:43","slug":"der-knaller-aus-alten-zeiten-die-glueckauf-schranke-in-kleve","status":"publish","type":"post","link":"https:\/\/www.kle-blatt.de\/blog\/kleve-in-foto-video\/der-knaller-aus-alten-zeiten-die-glueckauf-schranke-in-kleve.html","title":{"rendered":"Der Knaller aus alten Zeiten: Die &#8222;Gl\u00fcckauf-Schranke&#8220; in Kleve"},"content":{"rendered":"<p><strong>Der Knaller aus alten Zeiten: Die &#8222;Gl\u00fcckauf-Schranke&#8220; in Kleve<\/strong><\/p>\n<p>Dem immer mehr wachsenden Verkehr war der Eisenbahn\u00fcbergang zur Emmericher Stra\u00dfe irgendwann nicht mehr gewachsen. Das war bereits Mitte der F\u00fcnfziger Jahre. Es war den Karnevalisten vor Ort zu verdanken, das dieser Bahn\u00fcbergang den erheiternden Namen \u201eGl\u00fcckauf-Schranke\u201c erhielt. Das kam daher, das man es irgendwann als Gl\u00fcck bezeichnete, wenn die Schranke auf war, so wie es dieser Schnappschuss zeigt. Rechts sieht man den Anfang der Geb\u00e4ude der Margarinefabrik van-den-Bergh. Dort wo die \u201eElektrische\u201c \u2013 also die Stra\u00dfenbahn gerade f\u00e4hrt, befindet sich heute die Linkskurve der Bahnhofstra\u00dfe.\u00a0Erst im Jahre 1965, etwa zur Zeit der Er\u00f6ffnung der Rheinbr\u00fccke zwischen Kleve und Emmerich, wurde dieser Missstand durch den Bau der Rampenbr\u00fccke behoben.<\/p>\n<p><a href=\"http:\/\/www.kle-blatt.de\/blog\/wp-content\/uploads\/2013\/07\/glueck-auf-schranke.jpg\"><img loading=\"lazy\" decoding=\"async\" class=\"size-full wp-image-4590 aligncenter\" src=\"https:\/\/www.kle-blatt.de\/blog\/wp-content\/uploads\/2013\/07\/glueck-auf-schranke.jpg\" alt=\"Der Knaller aus alten Zeiten: Die Gl\u00fcckauf-Schranke in Kleve\" width=\"850\" height=\"557\" \/><\/a><br \/>\n(Foto: Fritz Getlinger \u2013 Kleve nach dem Krieg \u2013 mit freundlicher Genehmigung von Frau Katrin Getlinger-Wessing)<\/p>\n","protected":false},"excerpt":{"rendered":"<p>Der Knaller aus alten Zeiten: Die &#8222;Gl\u00fcckauf-Schranke&#8220; in Kleve Dem immer mehr wachsenden Verkehr war der Eisenbahn\u00fcbergang zur Emmericher Stra\u00dfe &hellip; <a href=\"https:\/\/www.kle-blatt.de\/blog\/kleve-in-foto-video\/der-knaller-aus-alten-zeiten-die-glueckauf-schranke-in-kleve.html\" class=\"more-link\"><span class=\"more-button\">Weiterlesen<span class=\"screen-reader-text\">Der Knaller aus alten Zeiten: Die &#8222;Gl\u00fcckauf-Schranke&#8220; in Kleve<\/span><\/span><\/a><\/p>\n","protected":false},"author":2,"featured_media":4590,"comment_status":"closed","ping_status":"closed","sticky":false,"template":"","format":"standard","meta":{"footnotes":""},"categories":[3],"tags":[1019],"class_list":["post-4589","post","type-post","status-publish","format-standard","has-post-thumbnail","hentry","category-kleve-in-foto-video","tag-der-knaller-aus-alten-zeiten-die-glueckauf-schranke-in-kleve"],"_links":{"self":[{"href":"https:\/\/www.kle-blatt.de\/blog\/wp-json\/wp\/v2\/posts\/4589","targetHints":{"allow":["GET"]}}],"collection":[{"href":"https:\/\/www.kle-blatt.de\/blog\/wp-json\/wp\/v2\/posts"}],"about":[{"href":"https:\/\/www.kle-blatt.de\/blog\/wp-json\/wp\/v2\/types\/post"}],"author":[{"embeddable":true,"href":"https:\/\/www.kle-blatt.de\/blog\/wp-json\/wp\/v2\/users\/2"}],"replies":[{"embeddable":true,"href":"https:\/\/www.kle-blatt.de\/blog\/wp-json\/wp\/v2\/comments?post=4589"}],"version-history":[{"count":2,"href":"https:\/\/www.kle-blatt.de\/blog\/wp-json\/wp\/v2\/posts\/4589\/revisions"}],"predecessor-version":[{"id":35383,"href":"https:\/\/www.kle-blatt.de\/blog\/wp-json\/wp\/v2\/posts\/4589\/revisions\/35383"}],"wp:featuredmedia":[{"embeddable":true,"href":"https:\/\/www.kle-blatt.de\/blog\/wp-json\/wp\/v2\/media\/4590"}],"wp:attachment":[{"href":"https:\/\/www.kle-blatt.de\/blog\/wp-json\/wp\/v2\/media?parent=4589"}],"wp:term":[{"taxonomy":"category","embeddable":true,"href":"https:\/\/www.kle-blatt.de\/blog\/wp-json\/wp\/v2\/categories?post=4589"},{"taxonomy":"post_tag","embeddable":true,"href":"https:\/\/www.kle-blatt.de\/blog\/wp-json\/wp\/v2\/tags?post=4589"}],"curies":[{"name":"wp","href":"https:\/\/api.w.org\/{rel}","templated":true}]}}