{"id":4647,"date":"2024-07-30T07:10:14","date_gmt":"2024-07-30T05:10:14","guid":{"rendered":"http:\/\/www.kle-blatt.de\/blog\/?p=4647"},"modified":"2024-06-10T12:24:00","modified_gmt":"2024-06-10T10:24:00","slug":"der-verkehrspavillon-von-kleve","status":"publish","type":"post","link":"https:\/\/www.kle-blatt.de\/blog\/kleve-in-foto-video\/der-verkehrspavillon-von-kleve.html","title":{"rendered":"Wer kannte ihn so? Der legend\u00e4re Verkehrspavillon von Kleve"},"content":{"rendered":"<p><strong>Wer kannte ihn so? Der legend\u00e4re Verkehrspavillon von Kleve<\/strong><\/p>\n<p>Wer ihn noch gekannt hat, denkt mit ein wenig Wehmut daran zur\u00fcck. Der ber\u00fchmte Verkehrspavillon des Klever Heimat- und Verkehrsvereins wurde 1954 direkt am Spoyufer gebaut und war Anlaufstelle f\u00fcr die immer zahlreicher werdenden Touristen in Kleve.<br \/>\nDer typische &#8222;moderne&#8220; F\u00fcnfziger-Jahre-Baustil ist hier in sehr markanter Weise zu bewundern. Genial die Integration der vorgelagerten Telefonzelle, die gleichzeitig als St\u00fctzpfeiler f\u00fcr das erweitete Dach diente.<br \/>\nDoch bereits im Jahre 1957 \u00fcbernahm das Klever Reiseb\u00fcro nicht nur den Pavillon, sondern auch die gesch\u00e4ftlichen Aufgaben des Vereins.<br \/>\nMan sollte sich dieses Klever Schmuckst\u00fcck zur\u00fcck w\u00fcnschen, schaut man an gleicher Stelle doch aktuell auf das weniger schmucke Spoycenter.<\/p>\n<p><a href=\"http:\/\/www.kle-blatt.de\/blog\/wp-content\/uploads\/2013\/07\/verkehrspavillon-2.jpg\"><img loading=\"lazy\" decoding=\"async\" class=\"size-full wp-image-4649 aligncenter\" src=\"https:\/\/www.kle-blatt.de\/blog\/wp-content\/uploads\/2013\/07\/verkehrspavillon-2.jpg\" alt=\"Der legend\u00e4re Verkehrspavillon von Kleve\" width=\"849\" height=\"504\" \/><\/a><\/p>\n","protected":false},"excerpt":{"rendered":"<p>Wer kannte ihn so? Der legend\u00e4re Verkehrspavillon von Kleve Wer ihn noch gekannt hat, denkt mit ein wenig Wehmut daran &hellip; <a href=\"https:\/\/www.kle-blatt.de\/blog\/kleve-in-foto-video\/der-verkehrspavillon-von-kleve.html\" class=\"more-link\"><span class=\"more-button\">Weiterlesen<span class=\"screen-reader-text\">Wer kannte ihn so? Der legend\u00e4re Verkehrspavillon von Kleve<\/span><\/span><\/a><\/p>\n","protected":false},"author":2,"featured_media":4649,"comment_status":"closed","ping_status":"closed","sticky":false,"template":"","format":"standard","meta":{"footnotes":""},"categories":[3],"tags":[1028],"class_list":["post-4647","post","type-post","status-publish","format-standard","has-post-thumbnail","hentry","category-kleve-in-foto-video","tag-der-verkehrspavillon-von-kleve"],"_links":{"self":[{"href":"https:\/\/www.kle-blatt.de\/blog\/wp-json\/wp\/v2\/posts\/4647","targetHints":{"allow":["GET"]}}],"collection":[{"href":"https:\/\/www.kle-blatt.de\/blog\/wp-json\/wp\/v2\/posts"}],"about":[{"href":"https:\/\/www.kle-blatt.de\/blog\/wp-json\/wp\/v2\/types\/post"}],"author":[{"embeddable":true,"href":"https:\/\/www.kle-blatt.de\/blog\/wp-json\/wp\/v2\/users\/2"}],"replies":[{"embeddable":true,"href":"https:\/\/www.kle-blatt.de\/blog\/wp-json\/wp\/v2\/comments?post=4647"}],"version-history":[{"count":2,"href":"https:\/\/www.kle-blatt.de\/blog\/wp-json\/wp\/v2\/posts\/4647\/revisions"}],"predecessor-version":[{"id":27363,"href":"https:\/\/www.kle-blatt.de\/blog\/wp-json\/wp\/v2\/posts\/4647\/revisions\/27363"}],"wp:featuredmedia":[{"embeddable":true,"href":"https:\/\/www.kle-blatt.de\/blog\/wp-json\/wp\/v2\/media\/4649"}],"wp:attachment":[{"href":"https:\/\/www.kle-blatt.de\/blog\/wp-json\/wp\/v2\/media?parent=4647"}],"wp:term":[{"taxonomy":"category","embeddable":true,"href":"https:\/\/www.kle-blatt.de\/blog\/wp-json\/wp\/v2\/categories?post=4647"},{"taxonomy":"post_tag","embeddable":true,"href":"https:\/\/www.kle-blatt.de\/blog\/wp-json\/wp\/v2\/tags?post=4647"}],"curies":[{"name":"wp","href":"https:\/\/api.w.org\/{rel}","templated":true}]}}