{"id":4935,"date":"2024-08-12T07:00:15","date_gmt":"2024-08-12T05:00:15","guid":{"rendered":"http:\/\/www.kle-blatt.de\/blog\/?p=4935"},"modified":"2024-07-04T14:27:33","modified_gmt":"2024-07-04T12:27:33","slug":"die-fussgaengerzone-von-kleve-in-den-achzigern","status":"publish","type":"post","link":"https:\/\/www.kle-blatt.de\/blog\/kleve-in-foto-video\/die-fussgaengerzone-von-kleve-in-den-achzigern.html","title":{"rendered":"Noch bekannt? Die Fu\u00dfg\u00e4ngerzone von Kleve in den Achtzigern"},"content":{"rendered":"<p><strong>Noch bekannt? Die Fu\u00dfg\u00e4ngerzone von Kleve in den Achtzigern<\/strong><\/p>\n<p>So sah es Mitte der Achtziger Jahre in der Klever Stadtmitte auf der Gro\u00dfe Stra\u00dfe aus, die zur Fu\u00dfg\u00e4ngerzone umfunktioniert war.<br \/>\nDicht gedr\u00e4ngt sah man hier die Menschen am langen Samstag die Stra\u00dfe hoch und runter laufen, um das ein oder andere Schn\u00e4ppchen in den Gesch\u00e4ften zu ergattern.<br \/>\nEinige der erkennbaren Gesch\u00e4fte sind noch immer an der alten Stelle, viele erhielten in den letzten 40 Jahren wechselnde Inhaber.<\/p>\n<p><a href=\"http:\/\/www.kle-blatt.de\/blog\/wp-content\/uploads\/2013\/07\/fu\u00dfg\u00e4ngerzone.jpg\"><img loading=\"lazy\" decoding=\"async\" class=\"size-full wp-image-4936 aligncenter\" src=\"https:\/\/www.kle-blatt.de\/blog\/wp-content\/uploads\/2013\/07\/fu\u00dfg\u00e4ngerzone.jpg\" alt=\"Noch bekannt? Die Fu\u00dfg\u00e4ngerzone von Kleve in den Achtzigern\" width=\"650\" height=\"855\" srcset=\"https:\/\/www.kle-blatt.de\/blog\/wp-content\/uploads\/2013\/07\/fu\u00dfg\u00e4ngerzone.jpg 650w, https:\/\/www.kle-blatt.de\/blog\/wp-content\/uploads\/2013\/07\/fu\u00dfg\u00e4ngerzone-228x300.jpg 228w\" sizes=\"auto, (max-width: 650px) 100vw, 650px\" \/><\/a><\/p>\n","protected":false},"excerpt":{"rendered":"<p>Noch bekannt? Die Fu\u00dfg\u00e4ngerzone von Kleve in den Achtzigern So sah es Mitte der Achtziger Jahre in der Klever Stadtmitte &hellip; <a href=\"https:\/\/www.kle-blatt.de\/blog\/kleve-in-foto-video\/die-fussgaengerzone-von-kleve-in-den-achzigern.html\" class=\"more-link\"><span class=\"more-button\">Weiterlesen<span class=\"screen-reader-text\">Noch bekannt? Die Fu\u00dfg\u00e4ngerzone von Kleve in den Achtzigern<\/span><\/span><\/a><\/p>\n","protected":false},"author":2,"featured_media":4936,"comment_status":"closed","ping_status":"closed","sticky":false,"template":"","format":"standard","meta":{"footnotes":""},"categories":[3],"tags":[3389],"class_list":["post-4935","post","type-post","status-publish","format-standard","has-post-thumbnail","hentry","category-kleve-in-foto-video","tag-die-fussgaengerzone-von-kleve-in-den-achtzigern"],"_links":{"self":[{"href":"https:\/\/www.kle-blatt.de\/blog\/wp-json\/wp\/v2\/posts\/4935","targetHints":{"allow":["GET"]}}],"collection":[{"href":"https:\/\/www.kle-blatt.de\/blog\/wp-json\/wp\/v2\/posts"}],"about":[{"href":"https:\/\/www.kle-blatt.de\/blog\/wp-json\/wp\/v2\/types\/post"}],"author":[{"embeddable":true,"href":"https:\/\/www.kle-blatt.de\/blog\/wp-json\/wp\/v2\/users\/2"}],"replies":[{"embeddable":true,"href":"https:\/\/www.kle-blatt.de\/blog\/wp-json\/wp\/v2\/comments?post=4935"}],"version-history":[{"count":3,"href":"https:\/\/www.kle-blatt.de\/blog\/wp-json\/wp\/v2\/posts\/4935\/revisions"}],"predecessor-version":[{"id":34131,"href":"https:\/\/www.kle-blatt.de\/blog\/wp-json\/wp\/v2\/posts\/4935\/revisions\/34131"}],"wp:featuredmedia":[{"embeddable":true,"href":"https:\/\/www.kle-blatt.de\/blog\/wp-json\/wp\/v2\/media\/4936"}],"wp:attachment":[{"href":"https:\/\/www.kle-blatt.de\/blog\/wp-json\/wp\/v2\/media?parent=4935"}],"wp:term":[{"taxonomy":"category","embeddable":true,"href":"https:\/\/www.kle-blatt.de\/blog\/wp-json\/wp\/v2\/categories?post=4935"},{"taxonomy":"post_tag","embeddable":true,"href":"https:\/\/www.kle-blatt.de\/blog\/wp-json\/wp\/v2\/tags?post=4935"}],"curies":[{"name":"wp","href":"https:\/\/api.w.org\/{rel}","templated":true}]}}