{"id":5109,"date":"2023-08-18T06:00:23","date_gmt":"2023-08-18T04:00:23","guid":{"rendered":"http:\/\/www.kle-blatt.de\/blog\/?p=5109"},"modified":"2023-07-16T12:16:03","modified_gmt":"2023-07-16T10:16:03","slug":"boetchen-fahren-bei-scho-in-kleve","status":"publish","type":"post","link":"https:\/\/www.kle-blatt.de\/blog\/kleve-in-foto-video\/boetchen-fahren-bei-scho-in-kleve.html","title":{"rendered":"B\u00f6tchen fahren bei Scho in Kleve"},"content":{"rendered":"<p><strong>B\u00f6tchen fahren bei Scho in Kleve<\/strong><\/p>\n<p>Wie romantisch war das denn!?<br \/>\nRudern in h\u00f6lzernen Nachen von Haus Scho aus auf dem Kermisdahl in Kleve. Das war eines der gro\u00dfen Sonntagsvergn\u00fcgen von Kleve und es hat sich gottlob noch gehalten.<br \/>\nDer Name Scho hat sich ver\u00e4ndert in &#8222;K\u00f6nigsgarten&#8220;, die Boote auch, aber das Vergn\u00fcgen ist geblieben, da man jetzt treten kann, anstatt sich mit diesen langen und schweren Holzrudern schwitzend abzuqu\u00e4len.<\/p>\n<p><a href=\"http:\/\/www.kle-blatt.de\/blog\/wp-content\/uploads\/2013\/08\/scho1.jpg\"><img loading=\"lazy\" decoding=\"async\" class=\"size-full wp-image-5110 aligncenter\" src=\"https:\/\/www.kle-blatt.de\/blog\/wp-content\/uploads\/2013\/08\/scho1.jpg\" alt=\"B\u00f6tchen fahren bei Scho in Kleve\" width=\"850\" height=\"562\" \/><\/a><\/p>\n","protected":false},"excerpt":{"rendered":"<p>B\u00f6tchen fahren bei Scho in Kleve Wie romantisch war das denn!? Rudern in h\u00f6lzernen Nachen von Haus Scho aus auf &hellip; <a href=\"https:\/\/www.kle-blatt.de\/blog\/kleve-in-foto-video\/boetchen-fahren-bei-scho-in-kleve.html\" class=\"more-link\"><span class=\"more-button\">Weiterlesen<span class=\"screen-reader-text\">B\u00f6tchen fahren bei Scho in Kleve<\/span><\/span><\/a><\/p>\n","protected":false},"author":2,"featured_media":5110,"comment_status":"open","ping_status":"closed","sticky":false,"template":"","format":"standard","meta":{"footnotes":""},"categories":[3],"tags":[1099],"class_list":["post-5109","post","type-post","status-publish","format-standard","has-post-thumbnail","hentry","category-kleve-in-foto-video","tag-boetchen-fahren-bei-scho-in-kleve"],"_links":{"self":[{"href":"https:\/\/www.kle-blatt.de\/blog\/wp-json\/wp\/v2\/posts\/5109","targetHints":{"allow":["GET"]}}],"collection":[{"href":"https:\/\/www.kle-blatt.de\/blog\/wp-json\/wp\/v2\/posts"}],"about":[{"href":"https:\/\/www.kle-blatt.de\/blog\/wp-json\/wp\/v2\/types\/post"}],"author":[{"embeddable":true,"href":"https:\/\/www.kle-blatt.de\/blog\/wp-json\/wp\/v2\/users\/2"}],"replies":[{"embeddable":true,"href":"https:\/\/www.kle-blatt.de\/blog\/wp-json\/wp\/v2\/comments?post=5109"}],"version-history":[{"count":1,"href":"https:\/\/www.kle-blatt.de\/blog\/wp-json\/wp\/v2\/posts\/5109\/revisions"}],"predecessor-version":[{"id":32441,"href":"https:\/\/www.kle-blatt.de\/blog\/wp-json\/wp\/v2\/posts\/5109\/revisions\/32441"}],"wp:featuredmedia":[{"embeddable":true,"href":"https:\/\/www.kle-blatt.de\/blog\/wp-json\/wp\/v2\/media\/5110"}],"wp:attachment":[{"href":"https:\/\/www.kle-blatt.de\/blog\/wp-json\/wp\/v2\/media?parent=5109"}],"wp:term":[{"taxonomy":"category","embeddable":true,"href":"https:\/\/www.kle-blatt.de\/blog\/wp-json\/wp\/v2\/categories?post=5109"},{"taxonomy":"post_tag","embeddable":true,"href":"https:\/\/www.kle-blatt.de\/blog\/wp-json\/wp\/v2\/tags?post=5109"}],"curies":[{"name":"wp","href":"https:\/\/api.w.org\/{rel}","templated":true}]}}