{"id":5292,"date":"2020-08-09T07:00:48","date_gmt":"2020-08-09T05:00:48","guid":{"rendered":"http:\/\/www.kle-blatt.de\/blog\/?p=5292"},"modified":"2020-07-17T12:08:08","modified_gmt":"2020-07-17T10:08:08","slug":"am-regenbogen-in-kleve","status":"publish","type":"post","link":"https:\/\/www.kle-blatt.de\/blog\/kleve-in-foto-video\/am-regenbogen-in-kleve.html","title":{"rendered":"Am Regenbogen in Kleve"},"content":{"rendered":"<p><strong>Am Regenbogen in Kleve<\/strong><\/p>\n<p>Abseits der &#8222;Gro\u00dfe Stra\u00dfe&#8220; in Kleve sehen wir hier aus l\u00e4ngst vergangenen Zeiten ein Bild der Stra\u00dfe &#8222;Am Regenbogen&#8220;.<br \/>\nWie jeder wei\u00df, findet man am Ende eines Regenbogens immer einen gro\u00dfen Topf mit Gold. So vermutlich auch hier, denn warum sollte die Stra\u00dfe sonst so hei\u00dfen?<\/p>\n<p><a href=\"http:\/\/www.kle-blatt.de\/blog\/wp-content\/uploads\/2013\/08\/am-regenbogen-72.jpg\"><img loading=\"lazy\" decoding=\"async\" class=\"size-full wp-image-5293 aligncenter\" src=\"https:\/\/www.kle-blatt.de\/blog\/wp-content\/uploads\/2013\/08\/am-regenbogen-72.jpg\" alt=\"am regenbogen 72\" width=\"850\" height=\"940\" \/><\/a><br \/>\nNat\u00fcrlich hat der edle Finder seinen Fund dann in die Goldstra\u00dfe gebracht. \ud83d\ude42<br \/>\n<a href=\"http:\/\/www.kle-blatt.de\/blog\/wp-content\/uploads\/2013\/08\/rainbow_in_the_clouds_800_clr_11292.png\"><img loading=\"lazy\" decoding=\"async\" class=\"alignleft size-full wp-image-5294\" src=\"https:\/\/www.kle-blatt.de\/blog\/wp-content\/uploads\/2013\/08\/rainbow_in_the_clouds_800_clr_11292.png\" alt=\"rainbow_in_the_clouds_800_clr_11292\" width=\"850\" height=\"450\" \/><\/a><\/p>\n","protected":false},"excerpt":{"rendered":"<p>Am Regenbogen in Kleve Abseits der &#8222;Gro\u00dfe Stra\u00dfe&#8220; in Kleve sehen wir hier aus l\u00e4ngst vergangenen Zeiten ein Bild der &hellip; <a href=\"https:\/\/www.kle-blatt.de\/blog\/kleve-in-foto-video\/am-regenbogen-in-kleve.html\" class=\"more-link\"><span class=\"more-button\">Weiterlesen<span class=\"screen-reader-text\">Am Regenbogen in Kleve<\/span><\/span><\/a><\/p>\n","protected":false},"author":2,"featured_media":5293,"comment_status":"open","ping_status":"closed","sticky":false,"template":"","format":"standard","meta":{"footnotes":""},"categories":[3],"tags":[1122],"class_list":["post-5292","post","type-post","status-publish","format-standard","has-post-thumbnail","hentry","category-kleve-in-foto-video","tag-am-regenbogen-in-kleve"],"_links":{"self":[{"href":"https:\/\/www.kle-blatt.de\/blog\/wp-json\/wp\/v2\/posts\/5292","targetHints":{"allow":["GET"]}}],"collection":[{"href":"https:\/\/www.kle-blatt.de\/blog\/wp-json\/wp\/v2\/posts"}],"about":[{"href":"https:\/\/www.kle-blatt.de\/blog\/wp-json\/wp\/v2\/types\/post"}],"author":[{"embeddable":true,"href":"https:\/\/www.kle-blatt.de\/blog\/wp-json\/wp\/v2\/users\/2"}],"replies":[{"embeddable":true,"href":"https:\/\/www.kle-blatt.de\/blog\/wp-json\/wp\/v2\/comments?post=5292"}],"version-history":[{"count":2,"href":"https:\/\/www.kle-blatt.de\/blog\/wp-json\/wp\/v2\/posts\/5292\/revisions"}],"predecessor-version":[{"id":27448,"href":"https:\/\/www.kle-blatt.de\/blog\/wp-json\/wp\/v2\/posts\/5292\/revisions\/27448"}],"wp:featuredmedia":[{"embeddable":true,"href":"https:\/\/www.kle-blatt.de\/blog\/wp-json\/wp\/v2\/media\/5293"}],"wp:attachment":[{"href":"https:\/\/www.kle-blatt.de\/blog\/wp-json\/wp\/v2\/media?parent=5292"}],"wp:term":[{"taxonomy":"category","embeddable":true,"href":"https:\/\/www.kle-blatt.de\/blog\/wp-json\/wp\/v2\/categories?post=5292"},{"taxonomy":"post_tag","embeddable":true,"href":"https:\/\/www.kle-blatt.de\/blog\/wp-json\/wp\/v2\/tags?post=5292"}],"curies":[{"name":"wp","href":"https:\/\/api.w.org\/{rel}","templated":true}]}}