{"id":5411,"date":"2022-08-29T05:20:00","date_gmt":"2022-08-29T03:20:00","guid":{"rendered":"http:\/\/www.kle-blatt.de\/blog\/?p=5411"},"modified":"2022-07-14T12:58:12","modified_gmt":"2022-07-14T10:58:12","slug":"schlager-aus-kleve-ulli-wanders-singt-ein-weisses-kleid","status":"publish","type":"post","link":"https:\/\/www.kle-blatt.de\/blog\/kultur\/schlager-aus-kleve-ulli-wanders-singt-ein-weisses-kleid.html","title":{"rendered":"Schlager aus Kleve &#8211; Ulli Wanders singt: &#8222;Ein Weisses Kleid&#8220;"},"content":{"rendered":"<p><strong>Schlager aus Kleve &#8211; Ulli Wanders singt: &#8222;Ein Weisses Kleid&#8220; \u00a0<\/strong><\/p>\n<p>Die \u00fcber die Grenzen hinaus bekannte Klever Schlagers\u00e4ngerin Ulli Wanders sang Mitte der Neunziger diesen Song, der den Traum eines M\u00e4dchens von einer Hochzeit in wei\u00df beschreibt.<\/p>\n<p><a href=\"http:\/\/www.kle-blatt.de\/blog\/wp-content\/uploads\/2013\/08\/ulli-wanders.jpg\"><img loading=\"lazy\" decoding=\"async\" class=\"size-full wp-image-5412 aligncenter\" src=\"https:\/\/www.kle-blatt.de\/blog\/wp-content\/uploads\/2013\/08\/ulli-wanders.jpg\" alt=\"Schlager aus Kleve - Ulli Wanders singt Ein Weisses Kleid\" width=\"850\" height=\"1114\" \/><\/a><\/p>\n<p>Wer das Lied mitsingen m\u00f6chte &#8211; hier der Text:<\/p>\n<p><strong>EIN WEISSES KLEID<\/strong> (Text \/ Musik: J.Reintjes \/ W.Liffers)<\/p>\n<p><strong>Als kleines M\u00e4dchen da tr\u00e4umte ich<\/strong><br \/>\n<strong>Eine Prinzessin zu sein<\/strong><br \/>\n<strong>Trug Mutters Schuhe und freute mich<\/strong><br \/>\n<strong>W\u00fcnschte mir sie w\u00e4ren mein<\/strong><br \/>\n<strong>Sah in den Spiegel und merkte gleich<\/strong><br \/>\n<strong>Irgendwas fehlte zum Gl\u00fcck<\/strong><br \/>\n<strong>Tanzte herum \u2013 oh ich war so reich<\/strong><br \/>\n<strong>Da kam die Erkenntnis zur\u00fcck<\/strong><\/p>\n<p><strong>\u00a0\u00a0\u00a0<\/strong><\/p>\n<p><strong>\u00a0\u00a0\u00a0 Mir fehlt ein wei\u00dfes Kleid<\/strong><br \/>\n<strong>\u00a0\u00a0\u00a0 Zu meiner gr\u00f6\u00dften Freud<\/strong><br \/>\n<strong>\u00a0\u00a0\u00a0 Denn dann w\u00e4r\u2018 ich bereit<\/strong><br \/>\n<strong>\u00a0\u00a0\u00a0 F\u00fcr wundervolle Zeit<\/strong><br \/>\n<strong>\u00a0\u00a0\u00a0 Ich w\u00e4r\u2018 die Sch\u00f6nste im Land<\/strong><br \/>\n<strong>\u00a0\u00a0\u00a0 Und ber\u00fchmt und bekannt<\/strong><br \/>\n<strong>\u00a0\u00a0\u00a0 Wann ist es soweit \u2013 ein wei\u00dfes Kleid<\/strong><\/p>\n<p><strong>\u00a0<\/strong><\/p>\n<p><strong>\u00a0\u00a0\u00a0 Mir fehlt\u2026<\/strong><\/p>\n<p><strong>\u00a0<\/strong><\/p>\n<p><strong>Heute denk ich noch gern zur\u00fcck<\/strong><br \/>\n<strong>An diese Tr\u00e4ume als Kind<\/strong><br \/>\n<strong>Schau in die Zukunft mit einem Blick<\/strong><br \/>\n<strong>Wie die Gedanken so sind<\/strong><br \/>\n<strong>Steh ich mal vor dem Traualtar<\/strong><br \/>\n<strong>Mein Prinz gibt mir einen Kuss<\/strong><br \/>\n<strong>F\u00e4nd\u2018 ich es einfach wunderbar<\/strong><br \/>\n<strong>Wenn ich nicht rufen muss<\/strong><\/p>\n<p><strong>\u00a0<\/strong><\/p>\n<p><strong>\u00a0Mir fehlt\u2026<br \/>\nEin Weisses Kleid<\/strong><\/p>\n<audio class=\"wp-audio-shortcode\" id=\"audio-5411-1\" preload=\"none\" style=\"width: 100%;\" controls=\"controls\"><source type=\"audio\/mpeg\" src=\"http:\/\/www.kle-blatt.de\/blog\/wp-content\/uploads\/2013\/08\/Ein-Weisses-Kleid.mp3?_=1\" \/><a href=\"http:\/\/www.kle-blatt.de\/blog\/wp-content\/uploads\/2013\/08\/Ein-Weisses-Kleid.mp3\">http:\/\/www.kle-blatt.de\/blog\/wp-content\/uploads\/2013\/08\/Ein-Weisses-Kleid.mp3<\/a><\/audio>\n<p><a href=\"http:\/\/www.kle-blatt.de\/blog\/wp-content\/uploads\/2013\/08\/Ein-Weisses-Kleid.mp3\">\u00a0<\/a><\/p>\n<p><a href=\"http:\/\/www.kle-blatt.de\/blog\/wp-content\/uploads\/2013\/08\/singing_to_the_top_1600_clr_5420.png\"><img loading=\"lazy\" decoding=\"async\" class=\"alignleft size-full wp-image-5414\" src=\"http:\/\/www.kle-blatt.de\/blog\/wp-content\/uploads\/2013\/08\/singing_to_the_top_1600_clr_5420.png\" alt=\"singing_to_the_top_1600_clr_5420\" width=\"650\" height=\"820\" \/><\/a><\/p>\n","protected":false},"excerpt":{"rendered":"<p>Schlager aus Kleve &#8211; Ulli Wanders singt: &#8222;Ein Weisses Kleid&#8220; \u00a0 Die \u00fcber die Grenzen hinaus bekannte Klever Schlagers\u00e4ngerin Ulli &hellip; <a href=\"https:\/\/www.kle-blatt.de\/blog\/kultur\/schlager-aus-kleve-ulli-wanders-singt-ein-weisses-kleid.html\" class=\"more-link\"><span class=\"more-button\">Weiterlesen<span class=\"screen-reader-text\">Schlager aus Kleve &#8211; Ulli Wanders singt: &#8222;Ein Weisses Kleid&#8220;<\/span><\/span><\/a><\/p>\n","protected":false},"author":2,"featured_media":5412,"comment_status":"open","ping_status":"closed","sticky":false,"template":"","format":"standard","meta":{"footnotes":""},"categories":[5279,4],"tags":[1138],"class_list":["post-5411","post","type-post","status-publish","format-standard","has-post-thumbnail","hentry","category-klever-musik-und-diskoszene","category-kultur","tag-schlager-aus-kleve-ulli-wanders-singt-ein-weisses-kleid"],"_links":{"self":[{"href":"https:\/\/www.kle-blatt.de\/blog\/wp-json\/wp\/v2\/posts\/5411","targetHints":{"allow":["GET"]}}],"collection":[{"href":"https:\/\/www.kle-blatt.de\/blog\/wp-json\/wp\/v2\/posts"}],"about":[{"href":"https:\/\/www.kle-blatt.de\/blog\/wp-json\/wp\/v2\/types\/post"}],"author":[{"embeddable":true,"href":"https:\/\/www.kle-blatt.de\/blog\/wp-json\/wp\/v2\/users\/2"}],"replies":[{"embeddable":true,"href":"https:\/\/www.kle-blatt.de\/blog\/wp-json\/wp\/v2\/comments?post=5411"}],"version-history":[{"count":3,"href":"https:\/\/www.kle-blatt.de\/blog\/wp-json\/wp\/v2\/posts\/5411\/revisions"}],"predecessor-version":[{"id":30762,"href":"https:\/\/www.kle-blatt.de\/blog\/wp-json\/wp\/v2\/posts\/5411\/revisions\/30762"}],"wp:featuredmedia":[{"embeddable":true,"href":"https:\/\/www.kle-blatt.de\/blog\/wp-json\/wp\/v2\/media\/5412"}],"wp:attachment":[{"href":"https:\/\/www.kle-blatt.de\/blog\/wp-json\/wp\/v2\/media?parent=5411"}],"wp:term":[{"taxonomy":"category","embeddable":true,"href":"https:\/\/www.kle-blatt.de\/blog\/wp-json\/wp\/v2\/categories?post=5411"},{"taxonomy":"post_tag","embeddable":true,"href":"https:\/\/www.kle-blatt.de\/blog\/wp-json\/wp\/v2\/tags?post=5411"}],"curies":[{"name":"wp","href":"https:\/\/api.w.org\/{rel}","templated":true}]}}