{"id":5495,"date":"2017-08-02T07:10:44","date_gmt":"2017-08-02T05:10:44","guid":{"rendered":"http:\/\/www.kle-blatt.de\/blog\/?p=5495"},"modified":"2017-07-23T10:32:49","modified_gmt":"2017-07-23T08:32:49","slug":"die-kavarinerstrasse-in-kleve","status":"publish","type":"post","link":"https:\/\/www.kle-blatt.de\/blog\/kleve-in-foto-video\/die-kavarinerstrasse-in-kleve.html","title":{"rendered":"Die Kavarinerstra\u00dfe in Kleve"},"content":{"rendered":"<p><strong>Die Kavarinerstra\u00dfe in Kleve<\/strong><\/p>\n<p>Bereits als schmucke Stra\u00dfe zeigt sich hier etwa um 1930 herum die Kavarinerstra\u00dfe hin zur Gro\u00dfen Stra\u00dfe in Kleve. Links hinten parkt sogar schon ein Auto, das sich anschickte, die Pferdekutschen als Fortbewegungsmittel zu ersetzen.<br \/>\n<a href=\"http:\/\/www.kle-blatt.de\/blog\/wp-content\/uploads\/2013\/08\/kavariner-zur-grossen-1930.jpg\"><img loading=\"lazy\" decoding=\"async\" class=\"alignleft size-full wp-image-5497\" src=\"http:\/\/www.kle-blatt.de\/blog\/wp-content\/uploads\/2013\/08\/kavariner-zur-grossen-1930.jpg\" alt=\"Die Kavarinerstra\u00dfe in Kleve\" width=\"850\" height=\"1249\" \/><\/a><br \/>\n(Foto: &#8222;Kleve so wie es war von Friedrich Gorissen)<\/p>\n<p>Ende der Achziger Jahre bot sich dem Betrachter dann schon dieses Bild von der Kavarinerstra\u00dfe. Da konnte man bereits die Gesch\u00e4ftsinhaber der Stra\u00dfe als Pioniere des Einzelhandels bezeichnen. Sie waren die ersten, die aufgrund ihrer langj\u00e4hrigen Erfahrungen den Stra\u00dfenverkauf bzw. Stra\u00dfenveranstaltungen, Marktst\u00e4nde und teilweise neue Verbraucherverhalten ber\u00fccksichtigten und danach handelten.<br \/>\n<a href=\"http:\/\/www.kle-blatt.de\/blog\/wp-content\/uploads\/2013\/08\/kavariner-87.jpg\"><img loading=\"lazy\" decoding=\"async\" class=\"alignleft size-full wp-image-5496\" src=\"http:\/\/www.kle-blatt.de\/blog\/wp-content\/uploads\/2013\/08\/kavariner-87.jpg\" alt=\"Die Kavarinerstra\u00dfe in Kleve\" width=\"850\" height=\"554\" srcset=\"https:\/\/www.kle-blatt.de\/blog\/wp-content\/uploads\/2013\/08\/kavariner-87.jpg 650w, https:\/\/www.kle-blatt.de\/blog\/wp-content\/uploads\/2013\/08\/kavariner-87-300x195.jpg 300w\" sizes=\"auto, (max-width: 850px) 100vw, 850px\" \/><\/a><br \/>\n(Foto: Alois Puyn \u2013 \u201cBilder Unserer Stadt Kleve\u201d)<\/p>\n<p>Auch aktuell gehen die Gesch\u00e4ftsinhaber der Kavarinerstra\u00dfe mit der Zeit und pr\u00e4sentieren sich mit ihren Gesch\u00e4ften, Angeboten und vielem mehr im Internet. Zum Besuch geht es hier lang:<\/p>\n<p><a title=\"Kavariner\" href=\"http:\/\/www.kavariner.de\/\" target=\"_blank\" rel=\"noopener\"><span style=\"color: #ff0000;\"><strong>KLICK MICH!<\/strong><\/span><\/a><\/p>\n","protected":false},"excerpt":{"rendered":"<p>Die Kavarinerstra\u00dfe in Kleve Bereits als schmucke Stra\u00dfe zeigt sich hier etwa um 1930 herum die Kavarinerstra\u00dfe hin zur Gro\u00dfen &hellip; <a href=\"https:\/\/www.kle-blatt.de\/blog\/kleve-in-foto-video\/die-kavarinerstrasse-in-kleve.html\" class=\"more-link\"><span class=\"more-button\">Weiterlesen<span class=\"screen-reader-text\">Die Kavarinerstra\u00dfe in Kleve<\/span><\/span><\/a><\/p>\n","protected":false},"author":2,"featured_media":0,"comment_status":"open","ping_status":"closed","sticky":false,"template":"","format":"standard","meta":{"footnotes":""},"categories":[3],"tags":[1154],"class_list":["post-5495","post","type-post","status-publish","format-standard","hentry","category-kleve-in-foto-video","tag-die-kavarinerstrasse-in-kleve"],"_links":{"self":[{"href":"https:\/\/www.kle-blatt.de\/blog\/wp-json\/wp\/v2\/posts\/5495","targetHints":{"allow":["GET"]}}],"collection":[{"href":"https:\/\/www.kle-blatt.de\/blog\/wp-json\/wp\/v2\/posts"}],"about":[{"href":"https:\/\/www.kle-blatt.de\/blog\/wp-json\/wp\/v2\/types\/post"}],"author":[{"embeddable":true,"href":"https:\/\/www.kle-blatt.de\/blog\/wp-json\/wp\/v2\/users\/2"}],"replies":[{"embeddable":true,"href":"https:\/\/www.kle-blatt.de\/blog\/wp-json\/wp\/v2\/comments?post=5495"}],"version-history":[{"count":0,"href":"https:\/\/www.kle-blatt.de\/blog\/wp-json\/wp\/v2\/posts\/5495\/revisions"}],"wp:attachment":[{"href":"https:\/\/www.kle-blatt.de\/blog\/wp-json\/wp\/v2\/media?parent=5495"}],"wp:term":[{"taxonomy":"category","embeddable":true,"href":"https:\/\/www.kle-blatt.de\/blog\/wp-json\/wp\/v2\/categories?post=5495"},{"taxonomy":"post_tag","embeddable":true,"href":"https:\/\/www.kle-blatt.de\/blog\/wp-json\/wp\/v2\/tags?post=5495"}],"curies":[{"name":"wp","href":"https:\/\/api.w.org\/{rel}","templated":true}]}}