{"id":5579,"date":"2023-08-21T06:10:09","date_gmt":"2023-08-21T04:10:09","guid":{"rendered":"http:\/\/www.kle-blatt.de\/blog\/?p=5579"},"modified":"2023-07-16T12:28:15","modified_gmt":"2023-07-16T10:28:15","slug":"provinzialausstellung-im-schuetzenhaus-kleve","status":"publish","type":"post","link":"https:\/\/www.kle-blatt.de\/blog\/kleve-in-foto-video\/provinzialausstellung-im-schuetzenhaus-kleve.html","title":{"rendered":"Provinzial-Ausstellung im Sch\u00fctzenhaus Kleve"},"content":{"rendered":"<p><strong>Provinzial-Ausstellung im Sch\u00fctzenhaus Kleve<\/strong><\/p>\n<p>Nachdem in 1839 das Sch\u00fctzenzelt des Klever B\u00fcrgersch\u00fctzenvereins abgebrannt war, erbaute man im Erlenb\u00fcschchen (hinter dem Tiergarten) das legend\u00e4re Sch\u00fctzenhaus, welches dann im Jahre 1845 fertiggestellt wurde.<br \/>\nNat\u00fcrlich wurden hier jedes Jahr die obligatorischen Sch\u00fctzenfeste abgehalten. Daneben diente das Haus allerdings auch als Veranstaltungsort f\u00fcr Volksversammlungen, Festveranstaltungen verschiedener Art, Volksspiele und diverse Ausstellungen, wie zum Beispiel hier auf der Ansichtskarte angek\u00fcndigt, die Landwirtschaftliche Provinzialausstellung im Jahre 1906.<br \/>\nAuf dem Bild sieht man einige Leitern, die bis zum Dachfirst f\u00fchrten. Hilfe f\u00fcr Einbrecher?<\/p>\n<p><a href=\"http:\/\/www.kle-blatt.de\/blog\/wp-content\/uploads\/2013\/08\/sch\u00fctzenhaus-44.jpg\"><img loading=\"lazy\" decoding=\"async\" class=\"size-full wp-image-5580 aligncenter\" src=\"https:\/\/www.kle-blatt.de\/blog\/wp-content\/uploads\/2013\/08\/sch\u00fctzenhaus-44.jpg\" alt=\"Provinzialausstellung im Sch\u00fctzenhaus Kleve\" width=\"850\" height=\"552\" srcset=\"https:\/\/www.kle-blatt.de\/blog\/wp-content\/uploads\/2013\/08\/sch\u00fctzenhaus-44.jpg 650w, https:\/\/www.kle-blatt.de\/blog\/wp-content\/uploads\/2013\/08\/sch\u00fctzenhaus-44-300x194.jpg 300w\" sizes=\"auto, (max-width: 850px) 100vw, 850px\" \/><\/a><\/p>\n","protected":false},"excerpt":{"rendered":"<p>Provinzial-Ausstellung im Sch\u00fctzenhaus Kleve Nachdem in 1839 das Sch\u00fctzenzelt des Klever B\u00fcrgersch\u00fctzenvereins abgebrannt war, erbaute man im Erlenb\u00fcschchen (hinter dem &hellip; <a href=\"https:\/\/www.kle-blatt.de\/blog\/kleve-in-foto-video\/provinzialausstellung-im-schuetzenhaus-kleve.html\" class=\"more-link\"><span class=\"more-button\">Weiterlesen<span class=\"screen-reader-text\">Provinzial-Ausstellung im Sch\u00fctzenhaus Kleve<\/span><\/span><\/a><\/p>\n","protected":false},"author":2,"featured_media":5580,"comment_status":"open","ping_status":"closed","sticky":false,"template":"","format":"standard","meta":{"footnotes":""},"categories":[3],"tags":[1170],"class_list":["post-5579","post","type-post","status-publish","format-standard","has-post-thumbnail","hentry","category-kleve-in-foto-video","tag-provinzialausstellung-im-schuetzenhaus-kleve"],"_links":{"self":[{"href":"https:\/\/www.kle-blatt.de\/blog\/wp-json\/wp\/v2\/posts\/5579","targetHints":{"allow":["GET"]}}],"collection":[{"href":"https:\/\/www.kle-blatt.de\/blog\/wp-json\/wp\/v2\/posts"}],"about":[{"href":"https:\/\/www.kle-blatt.de\/blog\/wp-json\/wp\/v2\/types\/post"}],"author":[{"embeddable":true,"href":"https:\/\/www.kle-blatt.de\/blog\/wp-json\/wp\/v2\/users\/2"}],"replies":[{"embeddable":true,"href":"https:\/\/www.kle-blatt.de\/blog\/wp-json\/wp\/v2\/comments?post=5579"}],"version-history":[{"count":2,"href":"https:\/\/www.kle-blatt.de\/blog\/wp-json\/wp\/v2\/posts\/5579\/revisions"}],"predecessor-version":[{"id":32450,"href":"https:\/\/www.kle-blatt.de\/blog\/wp-json\/wp\/v2\/posts\/5579\/revisions\/32450"}],"wp:featuredmedia":[{"embeddable":true,"href":"https:\/\/www.kle-blatt.de\/blog\/wp-json\/wp\/v2\/media\/5580"}],"wp:attachment":[{"href":"https:\/\/www.kle-blatt.de\/blog\/wp-json\/wp\/v2\/media?parent=5579"}],"wp:term":[{"taxonomy":"category","embeddable":true,"href":"https:\/\/www.kle-blatt.de\/blog\/wp-json\/wp\/v2\/categories?post=5579"},{"taxonomy":"post_tag","embeddable":true,"href":"https:\/\/www.kle-blatt.de\/blog\/wp-json\/wp\/v2\/tags?post=5579"}],"curies":[{"name":"wp","href":"https:\/\/api.w.org\/{rel}","templated":true}]}}