{"id":5662,"date":"2024-09-24T06:00:00","date_gmt":"2024-09-24T04:00:00","guid":{"rendered":"http:\/\/www.kle-blatt.de\/blog\/?p=5662"},"modified":"2024-07-24T11:19:00","modified_gmt":"2024-07-24T09:19:00","slug":"abbruch-vom-ehrenmal-des-matare-kriegers-in-kleve","status":"publish","type":"post","link":"https:\/\/www.kle-blatt.de\/blog\/kleve-in-foto-video\/abbruch-vom-ehrenmal-des-matare-kriegers-in-kleve.html","title":{"rendered":"Als das Ehrenmal des Matare&#8216; Kriegers in Kleve abgebrochen wurde"},"content":{"rendered":"<p><strong>Als das Ehrenmal des Matare&#8216; Kriegers in Kleve abgebrochen wurde<\/strong><\/p>\n<p>Die viert\u00fcrmige Ehrenmalanlage, die in den drei\u00dfiger Jahren als Kulisse f\u00fcr den sterbenden Krieger vom Bildhauer Professor Ewald Matare&#8216; geschaffen wurde, fiel den Baggern zum Opfer, die dieses Denkmal von Kleve unwiederbringlich dem Erdboden gleich machten.<br \/>\nHeute findet man an Ort und Stelle lediglich eine Wiese vor, auf der w\u00e4hrend der Wahlperiode riesige Wahlplakate zum Himmel wachsen.<\/p>\n<p><a href=\"http:\/\/www.kle-blatt.de\/blog\/wp-content\/uploads\/2013\/08\/ehrenmal-abbruch.jpg\"><img loading=\"lazy\" decoding=\"async\" class=\"size-full wp-image-5663 aligncenter\" src=\"https:\/\/www.kle-blatt.de\/blog\/wp-content\/uploads\/2013\/08\/ehrenmal-abbruch.jpg\" alt=\"Als das Ehrenmal des Matare' Kriegers in Kleve abgebrochen wurde\" width=\"849\" height=\"580\" \/><\/a><br \/>\n(Foto: Fritz Getlinger \u2013 mit freundlicher Genehmigung von Frau Katrin Getlinger-Wessing)<\/p>\n","protected":false},"excerpt":{"rendered":"<p>Als das Ehrenmal des Matare&#8216; Kriegers in Kleve abgebrochen wurde Die viert\u00fcrmige Ehrenmalanlage, die in den drei\u00dfiger Jahren als Kulisse &hellip; <a href=\"https:\/\/www.kle-blatt.de\/blog\/kleve-in-foto-video\/abbruch-vom-ehrenmal-des-matare-kriegers-in-kleve.html\" class=\"more-link\"><span class=\"more-button\">Weiterlesen<span class=\"screen-reader-text\">Als das Ehrenmal des Matare&#8216; Kriegers in Kleve abgebrochen wurde<\/span><\/span><\/a><\/p>\n","protected":false},"author":2,"featured_media":5663,"comment_status":"closed","ping_status":"closed","sticky":false,"template":"","format":"standard","meta":{"footnotes":""},"categories":[3],"tags":[1187],"class_list":["post-5662","post","type-post","status-publish","format-standard","has-post-thumbnail","hentry","category-kleve-in-foto-video","tag-abbruch-vom-ehrenmal-des-matare-kriegers-in-kleve"],"_links":{"self":[{"href":"https:\/\/www.kle-blatt.de\/blog\/wp-json\/wp\/v2\/posts\/5662","targetHints":{"allow":["GET"]}}],"collection":[{"href":"https:\/\/www.kle-blatt.de\/blog\/wp-json\/wp\/v2\/posts"}],"about":[{"href":"https:\/\/www.kle-blatt.de\/blog\/wp-json\/wp\/v2\/types\/post"}],"author":[{"embeddable":true,"href":"https:\/\/www.kle-blatt.de\/blog\/wp-json\/wp\/v2\/users\/2"}],"replies":[{"embeddable":true,"href":"https:\/\/www.kle-blatt.de\/blog\/wp-json\/wp\/v2\/comments?post=5662"}],"version-history":[{"count":1,"href":"https:\/\/www.kle-blatt.de\/blog\/wp-json\/wp\/v2\/posts\/5662\/revisions"}],"predecessor-version":[{"id":34176,"href":"https:\/\/www.kle-blatt.de\/blog\/wp-json\/wp\/v2\/posts\/5662\/revisions\/34176"}],"wp:featuredmedia":[{"embeddable":true,"href":"https:\/\/www.kle-blatt.de\/blog\/wp-json\/wp\/v2\/media\/5663"}],"wp:attachment":[{"href":"https:\/\/www.kle-blatt.de\/blog\/wp-json\/wp\/v2\/media?parent=5662"}],"wp:term":[{"taxonomy":"category","embeddable":true,"href":"https:\/\/www.kle-blatt.de\/blog\/wp-json\/wp\/v2\/categories?post=5662"},{"taxonomy":"post_tag","embeddable":true,"href":"https:\/\/www.kle-blatt.de\/blog\/wp-json\/wp\/v2\/tags?post=5662"}],"curies":[{"name":"wp","href":"https:\/\/api.w.org\/{rel}","templated":true}]}}