{"id":5672,"date":"2025-09-20T07:30:27","date_gmt":"2025-09-20T05:30:27","guid":{"rendered":"http:\/\/www.kle-blatt.de\/blog\/?p=5672"},"modified":"2025-07-18T12:02:09","modified_gmt":"2025-07-18T10:02:09","slug":"gestatten-der-grosse-kurfuerst-von-kleve-und-sein-pferd","status":"publish","type":"post","link":"https:\/\/www.kle-blatt.de\/blog\/kleve-in-foto-video\/gestatten-der-grosse-kurfuerst-von-kleve-und-sein-pferd.html","title":{"rendered":"Ooh! Der gro\u00dfe Kurf\u00fcrst von Kleve und sein Pferd"},"content":{"rendered":"<p><strong>Ooh! Der gro\u00dfe Kurf\u00fcrst von Kleve und sein Pferd<\/strong><\/p>\n<p>Durch eine Bombe im Jahre 1944 war der &#8222;Gro\u00dfe Kurf\u00fcrst&#8220; nicht nur von seinem Pferd, sondern auch von seinem Sockel bef\u00f6rdert worden.<br \/>\nNach langen und intensiven Debatten &#8211; wie es nun mal in Kleve \u00fcblich war und ist &#8211; konnte er seine Denkmalsehre &#8222;schon&#8220; im Jahre 1974 endlich wieder erlangen.<br \/>\nImmerhin besteht die Figur mit dem Pferd aus Bronze und es ist fast ein Wunder, das man Ro\u00df und Reiter nicht vom Gel\u00e4nde der Stadtwerke geklaut hatte, wo sich zeitweise die Bleibe der Teile befand.<\/p>\n<p><a href=\"http:\/\/www.kle-blatt.de\/blog\/wp-content\/uploads\/2013\/08\/grosser-kurfuerst-1974.jpg\"><img loading=\"lazy\" decoding=\"async\" class=\"size-full wp-image-5673 aligncenter\" src=\"https:\/\/www.kle-blatt.de\/blog\/wp-content\/uploads\/2013\/08\/grosser-kurfuerst-1974.jpg\" alt=\"Ooh! Der gro\u00dfe Kurf\u00fcrst von Kleve und sein Pferd\" width=\"850\" height=\"6606\" \/><\/a><br \/>\n<a href=\"http:\/\/www.kle-blatt.de\/blog\/wp-content\/uploads\/2013\/08\/grosser-kurfuerst-1974-1.jpg\"><img loading=\"lazy\" decoding=\"async\" class=\"size-full wp-image-5674 aligncenter\" src=\"https:\/\/www.kle-blatt.de\/blog\/wp-content\/uploads\/2013\/08\/grosser-kurfuerst-1974-1.jpg\" alt=\"Ooh! Der gro\u00dfe Kurf\u00fcrst von Kleve und sein Pferd\" width=\"850\" height=\"586\" \/><\/a><br \/>\n(Fotos: Fritz Getlinger \u2013 mit freundlicher Genehmigung von Frau Katrin Getlinger-Wessing)<\/p>\n","protected":false},"excerpt":{"rendered":"<p>Ooh! Der gro\u00dfe Kurf\u00fcrst von Kleve und sein Pferd Durch eine Bombe im Jahre 1944 war der &#8222;Gro\u00dfe Kurf\u00fcrst&#8220; nicht &hellip; <a href=\"https:\/\/www.kle-blatt.de\/blog\/kleve-in-foto-video\/gestatten-der-grosse-kurfuerst-von-kleve-und-sein-pferd.html\" class=\"more-link\"><span class=\"more-button\">Weiterlesen<span class=\"screen-reader-text\">Ooh! Der gro\u00dfe Kurf\u00fcrst von Kleve und sein Pferd<\/span><\/span><\/a><\/p>\n","protected":false},"author":2,"featured_media":5673,"comment_status":"closed","ping_status":"closed","sticky":false,"template":"","format":"standard","meta":{"footnotes":""},"categories":[3],"tags":[1190],"class_list":["post-5672","post","type-post","status-publish","format-standard","has-post-thumbnail","hentry","category-kleve-in-foto-video","tag-gestatten-der-grosse-kurfuerst-von-kleve-und-sein-pferd"],"_links":{"self":[{"href":"https:\/\/www.kle-blatt.de\/blog\/wp-json\/wp\/v2\/posts\/5672","targetHints":{"allow":["GET"]}}],"collection":[{"href":"https:\/\/www.kle-blatt.de\/blog\/wp-json\/wp\/v2\/posts"}],"about":[{"href":"https:\/\/www.kle-blatt.de\/blog\/wp-json\/wp\/v2\/types\/post"}],"author":[{"embeddable":true,"href":"https:\/\/www.kle-blatt.de\/blog\/wp-json\/wp\/v2\/users\/2"}],"replies":[{"embeddable":true,"href":"https:\/\/www.kle-blatt.de\/blog\/wp-json\/wp\/v2\/comments?post=5672"}],"version-history":[{"count":2,"href":"https:\/\/www.kle-blatt.de\/blog\/wp-json\/wp\/v2\/posts\/5672\/revisions"}],"predecessor-version":[{"id":29178,"href":"https:\/\/www.kle-blatt.de\/blog\/wp-json\/wp\/v2\/posts\/5672\/revisions\/29178"}],"wp:featuredmedia":[{"embeddable":true,"href":"https:\/\/www.kle-blatt.de\/blog\/wp-json\/wp\/v2\/media\/5673"}],"wp:attachment":[{"href":"https:\/\/www.kle-blatt.de\/blog\/wp-json\/wp\/v2\/media?parent=5672"}],"wp:term":[{"taxonomy":"category","embeddable":true,"href":"https:\/\/www.kle-blatt.de\/blog\/wp-json\/wp\/v2\/categories?post=5672"},{"taxonomy":"post_tag","embeddable":true,"href":"https:\/\/www.kle-blatt.de\/blog\/wp-json\/wp\/v2\/tags?post=5672"}],"curies":[{"name":"wp","href":"https:\/\/api.w.org\/{rel}","templated":true}]}}