{"id":5694,"date":"2025-08-07T07:00:36","date_gmt":"2025-08-07T05:00:36","guid":{"rendered":"http:\/\/www.kle-blatt.de\/blog\/?p=5694"},"modified":"2025-07-03T11:24:47","modified_gmt":"2025-07-03T09:24:47","slug":"die-spyckschule-in-kleve","status":"publish","type":"post","link":"https:\/\/www.kle-blatt.de\/blog\/kleve-in-foto-video\/die-spyckschule-in-kleve.html","title":{"rendered":"Die Spyckschule in Kleve"},"content":{"rendered":"<p><strong>Die Spyckschule in Kleve<\/strong><\/p>\n<p>Im Jahre 1913 bereits kam es zur Einweihung der Spyckschule f\u00fcr die Kinder der Unterstadt.<br \/>\nZu diesem Zeitpunkt war es laut Verwaltungsbericht der Stadt mit Nebengeb\u00e4uden und Platzanlagen das gr\u00f6\u00dfte Stockbauwerk, das die Stadt bisher gebaut hatte. Zudem wurde es auch als sch\u00f6nstes Bauwerk der Stadt bezeichnet.<\/p>\n<p><a href=\"http:\/\/www.kle-blatt.de\/blog\/wp-content\/uploads\/2013\/08\/spyckstrasse-kath-volksschule-15.jpg\"><img loading=\"lazy\" decoding=\"async\" class=\"size-full wp-image-5695 aligncenter\" src=\"https:\/\/www.kle-blatt.de\/blog\/wp-content\/uploads\/2013\/08\/spyckstrasse-kath-volksschule-15.jpg\" alt=\"Die Spyckschule in Kleve\" width=\"850\" height=\"534\" \/><\/a><\/p>\n<p>(Mit freundlicher Genehmigung von Klaus Radermacher aus seinem Buch &#8222;Bad Cleve in Photographien um die Jahrhundertwende&#8220;)<\/p>\n","protected":false},"excerpt":{"rendered":"<p>Die Spyckschule in Kleve Im Jahre 1913 bereits kam es zur Einweihung der Spyckschule f\u00fcr die Kinder der Unterstadt. Zu &hellip; <a href=\"https:\/\/www.kle-blatt.de\/blog\/kleve-in-foto-video\/die-spyckschule-in-kleve.html\" class=\"more-link\"><span class=\"more-button\">Weiterlesen<span class=\"screen-reader-text\">Die Spyckschule in Kleve<\/span><\/span><\/a><\/p>\n","protected":false},"author":2,"featured_media":5695,"comment_status":"closed","ping_status":"closed","sticky":false,"template":"","format":"standard","meta":{"footnotes":""},"categories":[3],"tags":[1196],"class_list":["post-5694","post","type-post","status-publish","format-standard","has-post-thumbnail","hentry","category-kleve-in-foto-video","tag-die-spyckschule-in-kleve"],"_links":{"self":[{"href":"https:\/\/www.kle-blatt.de\/blog\/wp-json\/wp\/v2\/posts\/5694","targetHints":{"allow":["GET"]}}],"collection":[{"href":"https:\/\/www.kle-blatt.de\/blog\/wp-json\/wp\/v2\/posts"}],"about":[{"href":"https:\/\/www.kle-blatt.de\/blog\/wp-json\/wp\/v2\/types\/post"}],"author":[{"embeddable":true,"href":"https:\/\/www.kle-blatt.de\/blog\/wp-json\/wp\/v2\/users\/2"}],"replies":[{"embeddable":true,"href":"https:\/\/www.kle-blatt.de\/blog\/wp-json\/wp\/v2\/comments?post=5694"}],"version-history":[{"count":2,"href":"https:\/\/www.kle-blatt.de\/blog\/wp-json\/wp\/v2\/posts\/5694\/revisions"}],"predecessor-version":[{"id":35539,"href":"https:\/\/www.kle-blatt.de\/blog\/wp-json\/wp\/v2\/posts\/5694\/revisions\/35539"}],"wp:featuredmedia":[{"embeddable":true,"href":"https:\/\/www.kle-blatt.de\/blog\/wp-json\/wp\/v2\/media\/5695"}],"wp:attachment":[{"href":"https:\/\/www.kle-blatt.de\/blog\/wp-json\/wp\/v2\/media?parent=5694"}],"wp:term":[{"taxonomy":"category","embeddable":true,"href":"https:\/\/www.kle-blatt.de\/blog\/wp-json\/wp\/v2\/categories?post=5694"},{"taxonomy":"post_tag","embeddable":true,"href":"https:\/\/www.kle-blatt.de\/blog\/wp-json\/wp\/v2\/tags?post=5694"}],"curies":[{"name":"wp","href":"https:\/\/api.w.org\/{rel}","templated":true}]}}