{"id":5735,"date":"2025-09-06T07:30:14","date_gmt":"2025-09-06T05:30:14","guid":{"rendered":"http:\/\/www.kle-blatt.de\/blog\/?p=5735"},"modified":"2025-07-18T11:37:18","modified_gmt":"2025-07-18T09:37:18","slug":"das-strassenbahndepot-in-kleve","status":"publish","type":"post","link":"https:\/\/www.kle-blatt.de\/blog\/kleve-in-foto-video\/das-strassenbahndepot-in-kleve.html","title":{"rendered":"Kanntest Du noch das Stra\u00dfenbahndepot in Kleve?"},"content":{"rendered":"<p><strong>Kanntest Du noch das Stra\u00dfenbahndepot in Kleve?<\/strong><\/p>\n<p>Das Stra\u00dfenbahndepot, welches sich auf der Briener Stra\u00dfe befand, war bereits vor dem ersten Weltkrieg der Ausgangspunkt der &#8222;Elektrischen&#8220; Richtung Bedburg-Hau, Warbeyen und Wyler.<\/p>\n<p><a href=\"http:\/\/www.kle-blatt.de\/blog\/wp-content\/uploads\/2013\/09\/strassenbahndepot.jpg\"><img loading=\"lazy\" decoding=\"async\" class=\"size-full wp-image-11046 aligncenter\" src=\"https:\/\/www.kle-blatt.de\/blog\/wp-content\/uploads\/2013\/09\/strassenbahndepot.jpg\" alt=\"Kanntest Du noch das Stra\u00dfenbahndepot in Kleve?\" width=\"850\" height=\"1276\" \/><\/a><br \/>\n(Foto: Carl Weinrother. Rechte bei: Kreisarchiv Kleve, KA Kle F8, 1076c)<\/p>\n","protected":false},"excerpt":{"rendered":"<p>Kanntest Du noch das Stra\u00dfenbahndepot in Kleve? Das Stra\u00dfenbahndepot, welches sich auf der Briener Stra\u00dfe befand, war bereits vor dem &hellip; <a href=\"https:\/\/www.kle-blatt.de\/blog\/kleve-in-foto-video\/das-strassenbahndepot-in-kleve.html\" class=\"more-link\"><span class=\"more-button\">Weiterlesen<span class=\"screen-reader-text\">Kanntest Du noch das Stra\u00dfenbahndepot in Kleve?<\/span><\/span><\/a><\/p>\n","protected":false},"author":2,"featured_media":11046,"comment_status":"closed","ping_status":"closed","sticky":false,"template":"","format":"standard","meta":{"footnotes":""},"categories":[3],"tags":[5358],"class_list":["post-5735","post","type-post","status-publish","format-standard","has-post-thumbnail","hentry","category-kleve-in-foto-video","tag-kanntest-du-noch-das-strassenbahndepot-in-kleve"],"_links":{"self":[{"href":"https:\/\/www.kle-blatt.de\/blog\/wp-json\/wp\/v2\/posts\/5735","targetHints":{"allow":["GET"]}}],"collection":[{"href":"https:\/\/www.kle-blatt.de\/blog\/wp-json\/wp\/v2\/posts"}],"about":[{"href":"https:\/\/www.kle-blatt.de\/blog\/wp-json\/wp\/v2\/types\/post"}],"author":[{"embeddable":true,"href":"https:\/\/www.kle-blatt.de\/blog\/wp-json\/wp\/v2\/users\/2"}],"replies":[{"embeddable":true,"href":"https:\/\/www.kle-blatt.de\/blog\/wp-json\/wp\/v2\/comments?post=5735"}],"version-history":[{"count":4,"href":"https:\/\/www.kle-blatt.de\/blog\/wp-json\/wp\/v2\/posts\/5735\/revisions"}],"predecessor-version":[{"id":35611,"href":"https:\/\/www.kle-blatt.de\/blog\/wp-json\/wp\/v2\/posts\/5735\/revisions\/35611"}],"wp:featuredmedia":[{"embeddable":true,"href":"https:\/\/www.kle-blatt.de\/blog\/wp-json\/wp\/v2\/media\/11046"}],"wp:attachment":[{"href":"https:\/\/www.kle-blatt.de\/blog\/wp-json\/wp\/v2\/media?parent=5735"}],"wp:term":[{"taxonomy":"category","embeddable":true,"href":"https:\/\/www.kle-blatt.de\/blog\/wp-json\/wp\/v2\/categories?post=5735"},{"taxonomy":"post_tag","embeddable":true,"href":"https:\/\/www.kle-blatt.de\/blog\/wp-json\/wp\/v2\/tags?post=5735"}],"curies":[{"name":"wp","href":"https:\/\/api.w.org\/{rel}","templated":true}]}}