{"id":5754,"date":"2023-09-14T07:00:00","date_gmt":"2023-09-14T05:00:00","guid":{"rendered":"http:\/\/www.kle-blatt.de\/blog\/?p=5754"},"modified":"2023-08-14T11:05:38","modified_gmt":"2023-08-14T09:05:38","slug":"das-oberlederlager-der-schuhfabrik-gustav-hoffmann-in-kleve","status":"publish","type":"post","link":"https:\/\/www.kle-blatt.de\/blog\/kleve-in-foto-video\/das-oberlederlager-der-schuhfabrik-gustav-hoffmann-in-kleve.html","title":{"rendered":"Das Oberlederlager der Schuhfabrik Gustav Hoffmann in Kleve"},"content":{"rendered":"<p><strong>Das Oberlederlager der Schuhfabrik Gustav Hoffmann in Kleve<\/strong><\/p>\n<p>Um eine leichte Ahnung davon zu bekommen, was damals in der Schuhfabrik Gustav Hoffmann in Kleve abgegangen ist, lohnt sich einmal dieser Blick in das Oberlederlager des Unternehmens.<br \/>\nZahlreiche Sorten und Farben zeugen von dem edlen Material der &#8222;Elefanten-Schuhe&#8220; f\u00fcr Kinder. Auf die fachgerechte Verarbeitung wurde stets gr\u00f6\u00dftes Augenmerk gelegt um bestm\u00f6gliche Qualit\u00e4t zu gew\u00e4hrleisten.<br \/>\nHeute bekommt man beste Schuhe &#8211; vor allem f\u00fcr die Fu\u00dfgesundheit &#8211; in Kleve hier:<\/p>\n<p><a title=\"verfondern\" href=\"http:\/\/kle-blatt.de\/schuhhaus-verfondern\/\" target=\"_blank\" rel=\"noopener\"><span style=\"color: #ff0000;\"><strong>KLICK MICH!<\/strong><\/span><\/a><\/p>\n<p><a href=\"http:\/\/www.kle-blatt.de\/blog\/wp-content\/uploads\/2013\/08\/oberlederlager-84.jpg\"><img loading=\"lazy\" decoding=\"async\" class=\"size-full wp-image-5755 aligncenter\" src=\"https:\/\/www.kle-blatt.de\/blog\/wp-content\/uploads\/2013\/08\/oberlederlager-84.jpg\" alt=\"Das Oberlederlager der Schuhfabrik Gustav Hoffmann in Kleve\" width=\"850\" height=\"534\" \/><\/a><br \/>\n(Foto: Ludwig Windsto\u00dfer aus &#8222;Gro\u00dfes Werk f\u00fcr kleine F\u00fcsse)<\/p>\n","protected":false},"excerpt":{"rendered":"<p>Das Oberlederlager der Schuhfabrik Gustav Hoffmann in Kleve Um eine leichte Ahnung davon zu bekommen, was damals in der Schuhfabrik &hellip; <a href=\"https:\/\/www.kle-blatt.de\/blog\/kleve-in-foto-video\/das-oberlederlager-der-schuhfabrik-gustav-hoffmann-in-kleve.html\" class=\"more-link\"><span class=\"more-button\">Weiterlesen<span class=\"screen-reader-text\">Das Oberlederlager der Schuhfabrik Gustav Hoffmann in Kleve<\/span><\/span><\/a><\/p>\n","protected":false},"author":2,"featured_media":5755,"comment_status":"closed","ping_status":"closed","sticky":false,"template":"","format":"standard","meta":{"footnotes":""},"categories":[3],"tags":[1212],"class_list":["post-5754","post","type-post","status-publish","format-standard","has-post-thumbnail","hentry","category-kleve-in-foto-video","tag-das-oberlederlager-der-schuhfabrik-gustav-hoffmann-in-kleve"],"_links":{"self":[{"href":"https:\/\/www.kle-blatt.de\/blog\/wp-json\/wp\/v2\/posts\/5754","targetHints":{"allow":["GET"]}}],"collection":[{"href":"https:\/\/www.kle-blatt.de\/blog\/wp-json\/wp\/v2\/posts"}],"about":[{"href":"https:\/\/www.kle-blatt.de\/blog\/wp-json\/wp\/v2\/types\/post"}],"author":[{"embeddable":true,"href":"https:\/\/www.kle-blatt.de\/blog\/wp-json\/wp\/v2\/users\/2"}],"replies":[{"embeddable":true,"href":"https:\/\/www.kle-blatt.de\/blog\/wp-json\/wp\/v2\/comments?post=5754"}],"version-history":[{"count":2,"href":"https:\/\/www.kle-blatt.de\/blog\/wp-json\/wp\/v2\/posts\/5754\/revisions"}],"predecessor-version":[{"id":32558,"href":"https:\/\/www.kle-blatt.de\/blog\/wp-json\/wp\/v2\/posts\/5754\/revisions\/32558"}],"wp:featuredmedia":[{"embeddable":true,"href":"https:\/\/www.kle-blatt.de\/blog\/wp-json\/wp\/v2\/media\/5755"}],"wp:attachment":[{"href":"https:\/\/www.kle-blatt.de\/blog\/wp-json\/wp\/v2\/media?parent=5754"}],"wp:term":[{"taxonomy":"category","embeddable":true,"href":"https:\/\/www.kle-blatt.de\/blog\/wp-json\/wp\/v2\/categories?post=5754"},{"taxonomy":"post_tag","embeddable":true,"href":"https:\/\/www.kle-blatt.de\/blog\/wp-json\/wp\/v2\/tags?post=5754"}],"curies":[{"name":"wp","href":"https:\/\/api.w.org\/{rel}","templated":true}]}}