{"id":5882,"date":"2022-09-12T06:00:41","date_gmt":"2022-09-12T04:00:41","guid":{"rendered":"http:\/\/www.kle-blatt.de\/blog\/?p=5882"},"modified":"2022-08-29T13:36:10","modified_gmt":"2022-08-29T11:36:10","slug":"als-schuerings-noch-die-neue-mitte-in-kleve-war","status":"publish","type":"post","link":"https:\/\/www.kle-blatt.de\/blog\/kleve-in-foto-video\/als-schuerings-noch-die-neue-mitte-in-kleve-war.html","title":{"rendered":"Als Sch\u00fcrings noch die &#8222;Neue Mitte&#8220; in Kleve war"},"content":{"rendered":"<p><strong>Als Sch\u00fcrings noch die &#8222;Neue Mitte&#8220; in Kleve war<\/strong><\/p>\n<p>Nicht das Cafe&#8216;, sondern das Schuhwarenhaus von Theodor Sch\u00fcrings war zu Anfang der Fertigstellung des bekannten Geb\u00e4udes in Cleve beheimatet. Die Giebelfront war im Jahre 1902 gerade fertiggestellt worden und man kann noch die schr\u00e4g geklebten Schilder mit der Botschaft &#8222;Zu vermieten&#8220; in den oberen Fenstern entdecken.<\/p>\n<p><a href=\"http:\/\/www.kle-blatt.de\/blog\/wp-content\/uploads\/2013\/09\/sch\u00fcrings-106.jpg\"><img loading=\"lazy\" decoding=\"async\" class=\"size-full wp-image-5883 aligncenter\" src=\"http:\/\/www.kle-blatt.de\/blog\/wp-content\/uploads\/2013\/09\/sch\u00fcrings-106.jpg\" alt=\"Als Sch\u00fcrings noch die \" width=\"850\" height=\"1295\" \/><\/a><\/p>\n","protected":false},"excerpt":{"rendered":"<p>Als Sch\u00fcrings noch die &#8222;Neue Mitte&#8220; in Kleve war Nicht das Cafe&#8216;, sondern das Schuhwarenhaus von Theodor Sch\u00fcrings war zu &hellip; <a href=\"https:\/\/www.kle-blatt.de\/blog\/kleve-in-foto-video\/als-schuerings-noch-die-neue-mitte-in-kleve-war.html\" class=\"more-link\"><span class=\"more-button\">Weiterlesen<span class=\"screen-reader-text\">Als Sch\u00fcrings noch die &#8222;Neue Mitte&#8220; in Kleve war<\/span><\/span><\/a><\/p>\n","protected":false},"author":2,"featured_media":5883,"comment_status":"open","ping_status":"closed","sticky":false,"template":"","format":"standard","meta":{"footnotes":""},"categories":[3],"tags":[1229],"class_list":["post-5882","post","type-post","status-publish","format-standard","has-post-thumbnail","hentry","category-kleve-in-foto-video","tag-als-schuerings-noch-die-neue-mitte-in-kleve-war"],"_links":{"self":[{"href":"https:\/\/www.kle-blatt.de\/blog\/wp-json\/wp\/v2\/posts\/5882","targetHints":{"allow":["GET"]}}],"collection":[{"href":"https:\/\/www.kle-blatt.de\/blog\/wp-json\/wp\/v2\/posts"}],"about":[{"href":"https:\/\/www.kle-blatt.de\/blog\/wp-json\/wp\/v2\/types\/post"}],"author":[{"embeddable":true,"href":"https:\/\/www.kle-blatt.de\/blog\/wp-json\/wp\/v2\/users\/2"}],"replies":[{"embeddable":true,"href":"https:\/\/www.kle-blatt.de\/blog\/wp-json\/wp\/v2\/comments?post=5882"}],"version-history":[{"count":1,"href":"https:\/\/www.kle-blatt.de\/blog\/wp-json\/wp\/v2\/posts\/5882\/revisions"}],"predecessor-version":[{"id":30957,"href":"https:\/\/www.kle-blatt.de\/blog\/wp-json\/wp\/v2\/posts\/5882\/revisions\/30957"}],"wp:featuredmedia":[{"embeddable":true,"href":"https:\/\/www.kle-blatt.de\/blog\/wp-json\/wp\/v2\/media\/5883"}],"wp:attachment":[{"href":"https:\/\/www.kle-blatt.de\/blog\/wp-json\/wp\/v2\/media?parent=5882"}],"wp:term":[{"taxonomy":"category","embeddable":true,"href":"https:\/\/www.kle-blatt.de\/blog\/wp-json\/wp\/v2\/categories?post=5882"},{"taxonomy":"post_tag","embeddable":true,"href":"https:\/\/www.kle-blatt.de\/blog\/wp-json\/wp\/v2\/tags?post=5882"}],"curies":[{"name":"wp","href":"https:\/\/api.w.org\/{rel}","templated":true}]}}