{"id":5900,"date":"2026-09-02T07:20:24","date_gmt":"2026-09-02T05:20:24","guid":{"rendered":"http:\/\/www.kle-blatt.de\/blog\/?p=5900"},"modified":"2026-07-17T12:00:07","modified_gmt":"2026-07-17T10:00:07","slug":"ein-stueck-rathaus-von-kleve","status":"publish","type":"post","link":"https:\/\/www.kle-blatt.de\/blog\/kleve-in-foto-video\/ein-stueck-rathaus-von-kleve.html","title":{"rendered":"Ein St\u00fcck Rathaus von Kleve"},"content":{"rendered":"<p><strong>Ein St\u00fcck Rathaus von Kleve<\/strong><\/p>\n<p>Es ist wohl der letzte optische Beweis, welches Geb\u00e4ude hier einmal gestanden hat, bis ein neues Schild an einem neuen Geb\u00e4ude prangte, um wieder deutlich zu machen, wo st\u00e4dtische Politik gemacht wird.<\/p>\n<p><a href=\"http:\/\/www.kle-blatt.de\/blog\/wp-content\/uploads\/2013\/09\/rathaus21.jpg\"><img loading=\"lazy\" decoding=\"async\" class=\"size-full wp-image-5901 aligncenter\" src=\"https:\/\/www.kle-blatt.de\/blog\/wp-content\/uploads\/2013\/09\/rathaus21.jpg\" alt=\"Ein St\u00fcck Rathaus von Kleve\" width=\"850\" height=\"562\" \/><\/a><br \/>\n(Foto: Udo Kleinendonk)<\/p>\n","protected":false},"excerpt":{"rendered":"<p>Ein St\u00fcck Rathaus von Kleve Es ist wohl der letzte optische Beweis, welches Geb\u00e4ude hier einmal gestanden hat, bis ein &hellip; <a href=\"https:\/\/www.kle-blatt.de\/blog\/kleve-in-foto-video\/ein-stueck-rathaus-von-kleve.html\" class=\"more-link\"><span class=\"more-button\">Weiterlesen<span class=\"screen-reader-text\">Ein St\u00fcck Rathaus von Kleve<\/span><\/span><\/a><\/p>\n","protected":false},"author":2,"featured_media":5901,"comment_status":"closed","ping_status":"closed","sticky":false,"template":"","format":"standard","meta":{"footnotes":""},"categories":[3],"tags":[1234],"class_list":["post-5900","post","type-post","status-publish","format-standard","has-post-thumbnail","hentry","category-kleve-in-foto-video","tag-ein-stueck-rathaus-von-kleve"],"_links":{"self":[{"href":"https:\/\/www.kle-blatt.de\/blog\/wp-json\/wp\/v2\/posts\/5900","targetHints":{"allow":["GET"]}}],"collection":[{"href":"https:\/\/www.kle-blatt.de\/blog\/wp-json\/wp\/v2\/posts"}],"about":[{"href":"https:\/\/www.kle-blatt.de\/blog\/wp-json\/wp\/v2\/types\/post"}],"author":[{"embeddable":true,"href":"https:\/\/www.kle-blatt.de\/blog\/wp-json\/wp\/v2\/users\/2"}],"replies":[{"embeddable":true,"href":"https:\/\/www.kle-blatt.de\/blog\/wp-json\/wp\/v2\/comments?post=5900"}],"version-history":[{"count":3,"href":"https:\/\/www.kle-blatt.de\/blog\/wp-json\/wp\/v2\/posts\/5900\/revisions"}],"predecessor-version":[{"id":36814,"href":"https:\/\/www.kle-blatt.de\/blog\/wp-json\/wp\/v2\/posts\/5900\/revisions\/36814"}],"wp:featuredmedia":[{"embeddable":true,"href":"https:\/\/www.kle-blatt.de\/blog\/wp-json\/wp\/v2\/media\/5901"}],"wp:attachment":[{"href":"https:\/\/www.kle-blatt.de\/blog\/wp-json\/wp\/v2\/media?parent=5900"}],"wp:term":[{"taxonomy":"category","embeddable":true,"href":"https:\/\/www.kle-blatt.de\/blog\/wp-json\/wp\/v2\/categories?post=5900"},{"taxonomy":"post_tag","embeddable":true,"href":"https:\/\/www.kle-blatt.de\/blog\/wp-json\/wp\/v2\/tags?post=5900"}],"curies":[{"name":"wp","href":"https:\/\/api.w.org\/{rel}","templated":true}]}}