{"id":5903,"date":"2022-09-21T05:10:56","date_gmt":"2022-09-21T03:10:56","guid":{"rendered":"http:\/\/www.kle-blatt.de\/blog\/?p=5903"},"modified":"2022-08-26T11:35:09","modified_gmt":"2022-08-26T09:35:09","slug":"kinder-und-altenheim-muenze-in-kleve","status":"publish","type":"post","link":"https:\/\/www.kle-blatt.de\/blog\/kleve-in-foto-video\/kinder-und-altenheim-muenze-in-kleve.html","title":{"rendered":"Kinder- und Altenheim &#8222;M\u00fcnze&#8220; in Kleve"},"content":{"rendered":"<p><strong>Kinder- und Altenheim &#8222;M\u00fcnze&#8220; in Kleve<\/strong><\/p>\n<p>Das 100-j\u00e4hrige Bestehen wurde im Mai 1951 gefeiert und stie\u00df, wie man sehen kann, auf gro\u00dfe Resonanz in der Klever Bev\u00f6lkerung.<br \/>\nDas vormalige Hotel Stirum im Forstgarten hatte die Kriegswirren nahezu unbeschadet \u00fcberstanden und wurde nunmehr sozial genutzt. Nach einer in 1954\/1955 durchgef\u00fchrten &#8222;uns\u00e4glichen&#8220; Bauma\u00dfnahme, die zur Wiedereinweihung im Jahre 1955 f\u00fchrte, wurde das Geb\u00e4ude kurze Zeit sp\u00e4ter endg\u00fcltig abgerissen.<\/p>\n<p><a href=\"http:\/\/www.kle-blatt.de\/blog\/wp-content\/uploads\/2013\/09\/kinderheim-muenze-1951.jpg\"><img loading=\"lazy\" decoding=\"async\" class=\"size-full wp-image-5904 aligncenter\" src=\"https:\/\/www.kle-blatt.de\/blog\/wp-content\/uploads\/2013\/09\/kinderheim-muenze-1951.jpg\" alt=\"Kinder- und Altenheim M\u00fcnze in Kleve\" width=\"850\" height=\"580\" \/><\/a><\/p>\n<p>(Foto: Fritz Getlinger \u2013 mit freundlicher Genehmigung von Frau Katrin Getlinger-Wessing)<\/p>\n","protected":false},"excerpt":{"rendered":"<p>Kinder- und Altenheim &#8222;M\u00fcnze&#8220; in Kleve Das 100-j\u00e4hrige Bestehen wurde im Mai 1951 gefeiert und stie\u00df, wie man sehen kann, &hellip; <a href=\"https:\/\/www.kle-blatt.de\/blog\/kleve-in-foto-video\/kinder-und-altenheim-muenze-in-kleve.html\" class=\"more-link\"><span class=\"more-button\">Weiterlesen<span class=\"screen-reader-text\">Kinder- und Altenheim &#8222;M\u00fcnze&#8220; in Kleve<\/span><\/span><\/a><\/p>\n","protected":false},"author":2,"featured_media":5904,"comment_status":"open","ping_status":"closed","sticky":false,"template":"","format":"standard","meta":{"footnotes":""},"categories":[3],"tags":[1235],"class_list":["post-5903","post","type-post","status-publish","format-standard","has-post-thumbnail","hentry","category-kleve-in-foto-video","tag-kinder-und-altenheim-muenze-in-kleve"],"_links":{"self":[{"href":"https:\/\/www.kle-blatt.de\/blog\/wp-json\/wp\/v2\/posts\/5903","targetHints":{"allow":["GET"]}}],"collection":[{"href":"https:\/\/www.kle-blatt.de\/blog\/wp-json\/wp\/v2\/posts"}],"about":[{"href":"https:\/\/www.kle-blatt.de\/blog\/wp-json\/wp\/v2\/types\/post"}],"author":[{"embeddable":true,"href":"https:\/\/www.kle-blatt.de\/blog\/wp-json\/wp\/v2\/users\/2"}],"replies":[{"embeddable":true,"href":"https:\/\/www.kle-blatt.de\/blog\/wp-json\/wp\/v2\/comments?post=5903"}],"version-history":[{"count":2,"href":"https:\/\/www.kle-blatt.de\/blog\/wp-json\/wp\/v2\/posts\/5903\/revisions"}],"predecessor-version":[{"id":30906,"href":"https:\/\/www.kle-blatt.de\/blog\/wp-json\/wp\/v2\/posts\/5903\/revisions\/30906"}],"wp:featuredmedia":[{"embeddable":true,"href":"https:\/\/www.kle-blatt.de\/blog\/wp-json\/wp\/v2\/media\/5904"}],"wp:attachment":[{"href":"https:\/\/www.kle-blatt.de\/blog\/wp-json\/wp\/v2\/media?parent=5903"}],"wp:term":[{"taxonomy":"category","embeddable":true,"href":"https:\/\/www.kle-blatt.de\/blog\/wp-json\/wp\/v2\/categories?post=5903"},{"taxonomy":"post_tag","embeddable":true,"href":"https:\/\/www.kle-blatt.de\/blog\/wp-json\/wp\/v2\/tags?post=5903"}],"curies":[{"name":"wp","href":"https:\/\/api.w.org\/{rel}","templated":true}]}}