{"id":5952,"date":"2024-09-06T06:00:02","date_gmt":"2024-09-06T04:00:02","guid":{"rendered":"http:\/\/www.kle-blatt.de\/blog\/?p=5952"},"modified":"2024-07-18T10:39:45","modified_gmt":"2024-07-18T08:39:45","slug":"sommerabschlusskonzert-mit-lichterfest-und-barock-und-hoehenfeuerwerk","status":"publish","type":"post","link":"https:\/\/www.kle-blatt.de\/blog\/kleve-in-foto-video\/aus-dem-privatalbum\/sommerabschlusskonzert-mit-lichterfest-und-barock-und-hoehenfeuerwerk.html","title":{"rendered":"Sommer-Abschluss-Konzert mit H\u00f6henfeuerwerk"},"content":{"rendered":"<p><strong>Sommer-Abschluss-Konzert mit H\u00f6henfeuerwerk<\/strong><\/p>\n<p>Morgen, am 07.09.2024, ist der Forstgarten in Kleve wie in jedem Jahr wieder Standort des H\u00f6hepunktes der st\u00e4dtischen Konzertreihe. Das beliebte Lichterfest mit Barock- und H\u00f6henfeuerwerk wird bei anbrechender Dunkelheit wieder zahlreiche Besucher anlocken, die sich dann von diversen Musikgruppen unterhalten lassen k\u00f6nnen. Tausende von Lichtern werden den Park auf romantische Art und Weise illuminieren, wozu das wohl einmalig am Niederrhein abgebrannte Feuerwerk beitragen soll.<\/p>\n<p><a href=\"http:\/\/www.kle-blatt.de\/blog\/wp-content\/uploads\/2013\/09\/lichterfest22.jpg\"><img loading=\"lazy\" decoding=\"async\" class=\"size-full wp-image-5957 aligncenter\" src=\"https:\/\/www.kle-blatt.de\/blog\/wp-content\/uploads\/2013\/09\/lichterfest22.jpg\" alt=\"Sommer-Abschluss-Konzert mit H\u00f6henfeuerwerk\" width=\"850\" height=\"533\" \/><\/a><br \/>\n(Foto: Udo Kleinendonk)<\/p>\n<p><a href=\"http:\/\/www.kle-blatt.de\/blog\/wp-content\/uploads\/2013\/09\/lichterfest4.jpg\"><img loading=\"lazy\" decoding=\"async\" class=\"size-full wp-image-5958 aligncenter\" src=\"https:\/\/www.kle-blatt.de\/blog\/wp-content\/uploads\/2013\/09\/lichterfest4.jpg\" alt=\"Sommer-Abschluss-Konzert mit H\u00f6henfeuerwerk\" width=\"850\" height=\"643\" \/><\/a><br \/>\n(Foto: Udo Kleinendonk)<\/p>\n","protected":false},"excerpt":{"rendered":"<p>Sommer-Abschluss-Konzert mit H\u00f6henfeuerwerk Morgen, am 07.09.2024, ist der Forstgarten in Kleve wie in jedem Jahr wieder Standort des H\u00f6hepunktes der &hellip; <a href=\"https:\/\/www.kle-blatt.de\/blog\/kleve-in-foto-video\/aus-dem-privatalbum\/sommerabschlusskonzert-mit-lichterfest-und-barock-und-hoehenfeuerwerk.html\" class=\"more-link\"><span class=\"more-button\">Weiterlesen<span class=\"screen-reader-text\">Sommer-Abschluss-Konzert mit H\u00f6henfeuerwerk<\/span><\/span><\/a><\/p>\n","protected":false},"author":2,"featured_media":5957,"comment_status":"closed","ping_status":"closed","sticky":false,"template":"","format":"standard","meta":{"footnotes":""},"categories":[20,5279],"tags":[4509,1249],"class_list":["post-5952","post","type-post","status-publish","format-standard","has-post-thumbnail","hentry","category-aus-dem-privatalbum","category-klever-musik-und-diskoszene","tag-sommer-abschluss-konzert-mit-hoehenfeuerwerk","tag-sommerabschlusskonzert-mit-lichterfest-und-barock-und-hoehenfeuerwerk"],"_links":{"self":[{"href":"https:\/\/www.kle-blatt.de\/blog\/wp-json\/wp\/v2\/posts\/5952","targetHints":{"allow":["GET"]}}],"collection":[{"href":"https:\/\/www.kle-blatt.de\/blog\/wp-json\/wp\/v2\/posts"}],"about":[{"href":"https:\/\/www.kle-blatt.de\/blog\/wp-json\/wp\/v2\/types\/post"}],"author":[{"embeddable":true,"href":"https:\/\/www.kle-blatt.de\/blog\/wp-json\/wp\/v2\/users\/2"}],"replies":[{"embeddable":true,"href":"https:\/\/www.kle-blatt.de\/blog\/wp-json\/wp\/v2\/comments?post=5952"}],"version-history":[{"count":2,"href":"https:\/\/www.kle-blatt.de\/blog\/wp-json\/wp\/v2\/posts\/5952\/revisions"}],"predecessor-version":[{"id":34148,"href":"https:\/\/www.kle-blatt.de\/blog\/wp-json\/wp\/v2\/posts\/5952\/revisions\/34148"}],"wp:featuredmedia":[{"embeddable":true,"href":"https:\/\/www.kle-blatt.de\/blog\/wp-json\/wp\/v2\/media\/5957"}],"wp:attachment":[{"href":"https:\/\/www.kle-blatt.de\/blog\/wp-json\/wp\/v2\/media?parent=5952"}],"wp:term":[{"taxonomy":"category","embeddable":true,"href":"https:\/\/www.kle-blatt.de\/blog\/wp-json\/wp\/v2\/categories?post=5952"},{"taxonomy":"post_tag","embeddable":true,"href":"https:\/\/www.kle-blatt.de\/blog\/wp-json\/wp\/v2\/tags?post=5952"}],"curies":[{"name":"wp","href":"https:\/\/api.w.org\/{rel}","templated":true}]}}